{"id":10700,"date":"2022-01-12T12:37:24","date_gmt":"2022-01-12T11:37:24","guid":{"rendered":"https:\/\/minimalismore.es\/?p=10700"},"modified":"2022-01-13T08:49:01","modified_gmt":"2022-01-13T07:49:01","slug":"miquel-angel-marin","status":"publish","type":"post","link":"https:\/\/minimalismore.es\/index.php\/2022\/01\/12\/miquel-angel-marin\/","title":{"rendered":"Miquel \u00c0ngel Mar\u00edn"},"content":{"rendered":"<h2>Miquel \u00c0ngel Mar\u00edn.<\/h2>\n<p>Miquel \u00c0ngel Mar\u00edn responde a las preguntas de J.G. Entonado:<\/p>\n<p>Javier, me gusta mucho lo que planteas, son cuestiones que tambi\u00e9n me interesan especialmente.<\/p>\n<p>Hablas de trompetas. Hablar de instrumentos musicales me parece importante. Es como hablar de la casa en la que uno vive, una casa de resonancia, una casa que nunca es inerte, una casa habitada, como nos recuerda Bachelard.\u00a0<\/p>\n<p>Dices que \u201cesas trompetas me sugieren ideas, que podr\u00edan considerarse extra\u00f1as&#8230;\u201d. Esa extra\u00f1eza tambi\u00e9n me parece importante. Una trompeta nunca es una trompeta, si es que estamos hablando de poes\u00eda, de metamorfosis. Y una trompeta abollada ya es una trompeta alterada, ya es una posibilidad de poes\u00eda, de metamorfosis. El sonido convencional, est\u00e1ndar procede de una orden que ha sido dada y no ejecutada por el m\u00fasico poeta.<\/p>\n<p>\u201cEsas trompetas tuyas me sugieren que est\u00e1n relacionadas con una manera concreta de entender la vida\u201d.\u00a0<\/p>\n<p>Mi visi\u00f3n del mundo estructura mi personalidad, me da una fisonom\u00eda espiritual. Mi teor\u00eda y mi pr\u00e1ctica del mundo musical, es mi actitud en este mundo musical. Tal como me relaciono con el mundo, esa es la sintaxis de mis escritos, de mis escrituras musicales.<\/p>\n<p>Una cita dispersa, encontrada: \u201cEl cuerpo que se inscribe en el texto, es un cuerpo dispersado\u201d.<\/p>\n<p>La m\u00fasica no es ni un absoluto ni un modelo de nada, y menos de bondad y belleza, ese es su peligro, su agujero negro.<\/p>\n<p>Fascinaci\u00f3n por la naturaleza del sonido. Buscar algo en la m\u00fasica m\u00e1s all\u00e0 de lo est\u00e9tico. Precisamente la m\u00fasica, que es el hiperparadigma de lo est\u00e9tico, de lo bello.<\/p>\n<p>Otra cita dispersa, encontrada: \u201cLa literatura: una clase de actividad en lugar de una representaci\u00f3n\u201d. Quien dice literatura dice m\u00fasica.<\/p>\n<p>Estas eran las tres normas de la Portsmouth Sinfonia, uno de cuyos fundadores fue Gavin Bryars: 1. Cualquier persona puede formar parte de la orquesta. 2. La asistencia a los ensayos es obligatoria. 3. Quien haya estudiado m\u00fasica no podr\u00e1 tocar su instrumento base. En esta orquesta, Brian Eno tocaba el clarinete y Michael Nyman el bombardino.<\/p>\n<p>* Texto de\u00a0 <a href=\"https:\/\/lacarnemagazine.com\/improvisacion-libre-miquel-angel-marin\/\" target=\"_blank\" rel=\"noopener\">Lacarne Magazine<\/a> cedido por J. G. Entonado<\/p>\n<p><strong>Miquel \u00c1ngel Mar\u00edn<\/strong> es clarinetista y compositor. Formado en los conservatorios de Barcelona y de Karlsruhe (Alemania), compagina el repertorio cl\u00e1sico con la libre improvisaci\u00f3n. Ha colaborado con orquestas y conjuntos de c\u00e1mara en el mundo. Trabaja tambi\u00e9n en los campos de la acci\u00f3n musical, poes\u00eda, performance, clarinete preparado y v\u00eddeo.<\/p>\n","protected":false},"excerpt":{"rendered":"<p>Miquel \u00c0ngel Mar\u00edn. Miquel \u00c0ngel Mar\u00edn responde a las preguntas de J.G. Entonado: Javier, me gusta mucho lo que planteas, son cuestiones que tambi\u00e9n me&hellip;<\/p>\n","protected":false},"author":2,"featured_media":10701,"comment_status":"closed","ping_status":"open","sticky":false,"template":"","format":"standard","meta":{"footnotes":""},"categories":[18,1],"tags":[],"class_list":["post-10700","post","type-post","status-publish","format-standard","has-post-thumbnail","hentry","category-opinion","category-uncategorized"],"_links":{"self":[{"href":"https:\/\/minimalismore.es\/index.php\/wp-json\/wp\/v2\/posts\/10700","targetHints":{"allow":["GET"]}}],"collection":[{"href":"https:\/\/minimalismore.es\/index.php\/wp-json\/wp\/v2\/posts"}],"about":[{"href":"https:\/\/minimalismore.es\/index.php\/wp-json\/wp\/v2\/types\/post"}],"author":[{"embeddable":true,"href":"https:\/\/minimalismore.es\/index.php\/wp-json\/wp\/v2\/users\/2"}],"replies":[{"embeddable":true,"href":"https:\/\/minimalismore.es\/index.php\/wp-json\/wp\/v2\/comments?post=10700"}],"version-history":[{"count":46,"href":"https:\/\/minimalismore.es\/index.php\/wp-json\/wp\/v2\/posts\/10700\/revisions"}],"predecessor-version":[{"id":11028,"href":"https:\/\/minimalismore.es\/index.php\/wp-json\/wp\/v2\/posts\/10700\/revisions\/11028"}],"wp:featuredmedia":[{"embeddable":true,"href":"https:\/\/minimalismore.es\/index.php\/wp-json\/wp\/v2\/media\/10701"}],"wp:attachment":[{"href":"https:\/\/minimalismore.es\/index.php\/wp-json\/wp\/v2\/media?parent=10700"}],"wp:term":[{"taxonomy":"category","embeddable":true,"href":"https:\/\/minimalismore.es\/index.php\/wp-json\/wp\/v2\/categories?post=10700"},{"taxonomy":"post_tag","embeddable":true,"href":"https:\/\/minimalismore.es\/index.php\/wp-json\/wp\/v2\/tags?post=10700"}],"curies":[{"name":"wp","href":"https:\/\/api.w.org\/{rel}","templated":true}]}}