{"id":11529,"date":"2022-01-20T13:39:53","date_gmt":"2022-01-20T12:39:53","guid":{"rendered":"https:\/\/minimalismore.es\/?p=11529"},"modified":"2022-01-24T13:49:48","modified_gmt":"2022-01-24T12:49:48","slug":"paavo-heininen","status":"publish","type":"post","link":"https:\/\/minimalismore.es\/index.php\/2022\/01\/20\/paavo-heininen\/","title":{"rendered":"Paavo Heininen"},"content":{"rendered":"<h2>Fallece el compositor finland\u00e9s Paavo Heininen.<\/h2>\n<p>El compositor finland\u00e9s Paavo Heininen falleci\u00f3 el 18 de enero en J\u00e4rvenp\u00e4\u00e4 a la edad de 84 a\u00f1os. Era considerado uno de los compositores contempor\u00e1neos m\u00e1s destacados de <a href=\"https:\/\/core.musicfinland.fi\/composers\/paavo-heininen\" target=\"_blank\" rel=\"noopener\">Finlandia<\/a>.<\/p>\n<p>Heininen, nacido en Helsinki el 13 de enero de 1938, fue el \u00faltimo alumno de Aare Merikanto. Heininen recibi\u00f3 formaci\u00f3n adicional en Colonia con Bernd Alois Zimmermann y en la Julliard School de Nueva York con Vincent Persichetti, y de forma privada en Polonia con Witold Lutos\u0142awski.<\/p>\n<p>En su m\u00fasica, Heininen se alej\u00f3 de las tendencias folcl\u00f3ricas y se convirti\u00f3 en uno de los representantes m\u00e1s consecuentes de la nueva m\u00fasica finlandesa de orientaci\u00f3n internacional. El rechazo a las reminiscencias de la m\u00fasica folcl\u00f3rica y a la tradici\u00f3n de Sibelius provoc\u00f3 durante mucho tiempo la incomprensi\u00f3n de Heininen en su propio pa\u00eds. S\u00f3lo hoy se aprecian sus \u00f3peras <em>Silkkirumppu<\/em> (El tambor de seda, 1983) y <em>Veitsi<\/em> (El cuchillo, 1988), as\u00ed como sus cinco sinfon\u00edas y cuatro conciertos para piano y la pieza orquestal <em>Arioso<\/em>, como obras maestras destacadas de la Nueva M\u00fasica N\u00f3rdica.<\/p>\n<p>Como profesor de composici\u00f3n, Heininen tuvo una gran influencia en la escena musical finlandesa, pero nunca impuso su propia est\u00e9tica a sus alumnos. Entre los compositores que form\u00f3 se encuentran Kaija Saariaho, Magnus Lindberg y Veli-Matti Puumala.<\/p>\n<p>\u00a9 Fotograf\u00eda de Saara Vuorjoki descargada de la web de Music Finland.<\/p>\n","protected":false},"excerpt":{"rendered":"<p>Fallece el compositor finland\u00e9s Paavo Heininen. El compositor finland\u00e9s Paavo Heininen falleci\u00f3 el 18 de enero en J\u00e4rvenp\u00e4\u00e4 a la edad de 84 a\u00f1os. Era&hellip;<\/p>\n","protected":false},"author":1,"featured_media":11530,"comment_status":"closed","ping_status":"open","sticky":false,"template":"","format":"standard","meta":{"footnotes":""},"categories":[15,1],"tags":[],"class_list":["post-11529","post","type-post","status-publish","format-standard","has-post-thumbnail","hentry","category-obituarios","category-uncategorized"],"_links":{"self":[{"href":"https:\/\/minimalismore.es\/index.php\/wp-json\/wp\/v2\/posts\/11529","targetHints":{"allow":["GET"]}}],"collection":[{"href":"https:\/\/minimalismore.es\/index.php\/wp-json\/wp\/v2\/posts"}],"about":[{"href":"https:\/\/minimalismore.es\/index.php\/wp-json\/wp\/v2\/types\/post"}],"author":[{"embeddable":true,"href":"https:\/\/minimalismore.es\/index.php\/wp-json\/wp\/v2\/users\/1"}],"replies":[{"embeddable":true,"href":"https:\/\/minimalismore.es\/index.php\/wp-json\/wp\/v2\/comments?post=11529"}],"version-history":[{"count":10,"href":"https:\/\/minimalismore.es\/index.php\/wp-json\/wp\/v2\/posts\/11529\/revisions"}],"predecessor-version":[{"id":11541,"href":"https:\/\/minimalismore.es\/index.php\/wp-json\/wp\/v2\/posts\/11529\/revisions\/11541"}],"wp:featuredmedia":[{"embeddable":true,"href":"https:\/\/minimalismore.es\/index.php\/wp-json\/wp\/v2\/media\/11530"}],"wp:attachment":[{"href":"https:\/\/minimalismore.es\/index.php\/wp-json\/wp\/v2\/media?parent=11529"}],"wp:term":[{"taxonomy":"category","embeddable":true,"href":"https:\/\/minimalismore.es\/index.php\/wp-json\/wp\/v2\/categories?post=11529"},{"taxonomy":"post_tag","embeddable":true,"href":"https:\/\/minimalismore.es\/index.php\/wp-json\/wp\/v2\/tags?post=11529"}],"curies":[{"name":"wp","href":"https:\/\/api.w.org\/{rel}","templated":true}]}}