{"id":11937,"date":"2022-02-01T12:58:40","date_gmt":"2022-02-01T11:58:40","guid":{"rendered":"https:\/\/minimalismore.es\/?p=11937"},"modified":"2022-07-02T11:12:20","modified_gmt":"2022-07-02T10:12:20","slug":"mauricio-sotelo","status":"publish","type":"post","link":"https:\/\/minimalismore.es\/index.php\/2022\/02\/01\/mauricio-sotelo\/","title":{"rendered":"Estreno mundial de Mauricio Sotelo en Badajoz"},"content":{"rendered":"<h2>Estreno mundial de Mauricio Sotelo en Badajoz.<\/h2>\n<p>El <a href=\"https:\/\/klangforum.at\/\" target=\"_blank\" rel=\"noopener\">Klangforum Wien<\/a>, una de las mejores orquestas de c\u00e1mara de m\u00fasica contempor\u00e1nea del mundo, ofrece esta noche, a las 20:30 horas, un concierto en el Palacio de Congresos de Badajoz a las \u00f3rdenes del director y compositor <a href=\"http:\/\/www.mauriciosotelo.com\/Home.html\" target=\"_blank\" rel=\"noopener\">Mauricio Sotelo<\/a> (Madrid, 1961).<\/p>\n<p>El programa, que forma parte de la decimotercera edici\u00f3n del Ciclo de M\u00fasica Actual de Badajoz, que coproducen la <a href=\"https:\/\/www.sfilarmonicaba.net\/klangforum-wien-y-mauricio-sotelo-juntos-el-1-de-febrero-en-el-palacio-de-congresos-de-badajoz\/\" target=\"_blank\" rel=\"noopener\">Sociedad Filarm\u00f3nica de Badajoz<\/a> y el <a href=\"http:\/\/www.cndm.mcu.es\/\" target=\"_blank\" rel=\"noopener\">Centro Nacional de Difusi\u00f3n Musical<\/a>\u00a0(CNDM), cuenta con tres obras del propio Sotelo, Premio Nacional de M\u00fasica en 2001: <em>De magia<\/em>, para saxof\u00f3n alto o tenor, percusi\u00f3n y piano, de 1995, y <em>De imaginum, signorum et idearum compositione I\u00a0<\/em>(compuesta en 1994 y revisada en 1996). La tercera, <em>De imaginum, signorum et idearum compositione II<\/em>, es estreno absoluto, por encargo del CNDM y el Klangforum Wien.<\/p>\n<p>El resto del programa del concierto de esta noche se compone de obras de Olga Neuwirth (<em>CoronAtion I: io son ferito ahim\u00e8<\/em>, para percusi\u00f3n solo, compuesta en 2020), Bernhard Lang (<em>Differenz \/ Wiederholung 21 \u2018\u2026 and we just keep on pretending\u2026\u2019<\/em>, para flauta y percusi\u00f3n, de 2010) y Beat Furrer, cofundador del Klangforum (<em>Klavierquartett<\/em>, de 2020).<\/p>\n<p>Mauricio Sotelo es esta temporada el compositor residente del CNDM, y hay programados catorce conciertos con obras suyas o bajo su direcci\u00f3n en Madrid, Basilea, Badajoz, Alicante y Segovia. El de hoy es el tercero de los conciertos de los que es protagonista m\u00e1ximo.<\/p>\n<p>\u00a9 Fotograf\u00eda de Luis Valenciano descargada de la web de Mauricio Sotelo.<\/p>\n","protected":false},"excerpt":{"rendered":"<p>Estreno mundial de Mauricio Sotelo en Badajoz. El Klangforum Wien, una de las mejores orquestas de c\u00e1mara de m\u00fasica contempor\u00e1nea del mundo, ofrece esta noche,&hellip;<\/p>\n","protected":false},"author":1,"featured_media":11938,"comment_status":"closed","ping_status":"open","sticky":false,"template":"","format":"standard","meta":{"footnotes":""},"categories":[11,1],"tags":[],"class_list":["post-11937","post","type-post","status-publish","format-standard","has-post-thumbnail","hentry","category-noticias","category-uncategorized"],"_links":{"self":[{"href":"https:\/\/minimalismore.es\/index.php\/wp-json\/wp\/v2\/posts\/11937","targetHints":{"allow":["GET"]}}],"collection":[{"href":"https:\/\/minimalismore.es\/index.php\/wp-json\/wp\/v2\/posts"}],"about":[{"href":"https:\/\/minimalismore.es\/index.php\/wp-json\/wp\/v2\/types\/post"}],"author":[{"embeddable":true,"href":"https:\/\/minimalismore.es\/index.php\/wp-json\/wp\/v2\/users\/1"}],"replies":[{"embeddable":true,"href":"https:\/\/minimalismore.es\/index.php\/wp-json\/wp\/v2\/comments?post=11937"}],"version-history":[{"count":17,"href":"https:\/\/minimalismore.es\/index.php\/wp-json\/wp\/v2\/posts\/11937\/revisions"}],"predecessor-version":[{"id":17639,"href":"https:\/\/minimalismore.es\/index.php\/wp-json\/wp\/v2\/posts\/11937\/revisions\/17639"}],"wp:featuredmedia":[{"embeddable":true,"href":"https:\/\/minimalismore.es\/index.php\/wp-json\/wp\/v2\/media\/11938"}],"wp:attachment":[{"href":"https:\/\/minimalismore.es\/index.php\/wp-json\/wp\/v2\/media?parent=11937"}],"wp:term":[{"taxonomy":"category","embeddable":true,"href":"https:\/\/minimalismore.es\/index.php\/wp-json\/wp\/v2\/categories?post=11937"},{"taxonomy":"post_tag","embeddable":true,"href":"https:\/\/minimalismore.es\/index.php\/wp-json\/wp\/v2\/tags?post=11937"}],"curies":[{"name":"wp","href":"https:\/\/api.w.org\/{rel}","templated":true}]}}