{"id":12138,"date":"2021-10-29T11:32:18","date_gmt":"2021-10-29T10:32:18","guid":{"rendered":"https:\/\/minimalismore.es\/?p=12138"},"modified":"2022-02-02T11:42:27","modified_gmt":"2022-02-02T10:42:27","slug":"nino-de-elche-3","status":"publish","type":"post","link":"https:\/\/minimalismore.es\/index.php\/2021\/10\/29\/nino-de-elche-3\/","title":{"rendered":"Ni\u00f1o de Elche"},"content":{"rendered":"<h2>\u00abLa exclusi\u00f3n\u00bb, de Ni\u00f1o de Elche.<\/h2>\n<p><em>La exclusi\u00f3n<\/em>, el nuevo disco de <a href=\"https:\/\/www.sonymusic.es\/artista\/el-nino-de-elche\/\" target=\"_blank\" rel=\"noopener\">Ni\u00f1o de Elche<\/a> es un disco\/<a href=\"https:\/\/minimalismore.es\/index.php\/2021\/10\/14\/nino-de-elche\/\" target=\"_blank\" rel=\"noopener\">espect\u00e1culo<\/a> dividido en cuatro actos, cada uno de las cuales dura cerca de veinte minutos; pero no es un disco de flamenco: es hora y veinte de lo que se entiende por m\u00fasica contempor\u00e1nea actual, sin contemplaciones y sin concesiones. Mi comentario completo sobre el disco se puede leer en la web de <a href=\"https:\/\/www.rockdelux.com\/discos\/nino-de-elche---la-exclusion\" target=\"_blank\" rel=\"noopener\">Rockdelux<\/a>.<\/p>\n","protected":false},"excerpt":{"rendered":"<p>\u00abLa exclusi\u00f3n\u00bb, de Ni\u00f1o de Elche. La exclusi\u00f3n, el nuevo disco de Ni\u00f1o de Elche es un disco\/espect\u00e1culo dividido en cuatro actos, cada uno de&hellip;<\/p>\n","protected":false},"author":1,"featured_media":12139,"comment_status":"closed","ping_status":"open","sticky":false,"template":"","format":"standard","meta":{"footnotes":""},"categories":[13],"tags":[],"class_list":["post-12138","post","type-post","status-publish","format-standard","has-post-thumbnail","hentry","category-nove_disco"],"_links":{"self":[{"href":"https:\/\/minimalismore.es\/index.php\/wp-json\/wp\/v2\/posts\/12138","targetHints":{"allow":["GET"]}}],"collection":[{"href":"https:\/\/minimalismore.es\/index.php\/wp-json\/wp\/v2\/posts"}],"about":[{"href":"https:\/\/minimalismore.es\/index.php\/wp-json\/wp\/v2\/types\/post"}],"author":[{"embeddable":true,"href":"https:\/\/minimalismore.es\/index.php\/wp-json\/wp\/v2\/users\/1"}],"replies":[{"embeddable":true,"href":"https:\/\/minimalismore.es\/index.php\/wp-json\/wp\/v2\/comments?post=12138"}],"version-history":[{"count":19,"href":"https:\/\/minimalismore.es\/index.php\/wp-json\/wp\/v2\/posts\/12138\/revisions"}],"predecessor-version":[{"id":12159,"href":"https:\/\/minimalismore.es\/index.php\/wp-json\/wp\/v2\/posts\/12138\/revisions\/12159"}],"wp:featuredmedia":[{"embeddable":true,"href":"https:\/\/minimalismore.es\/index.php\/wp-json\/wp\/v2\/media\/12139"}],"wp:attachment":[{"href":"https:\/\/minimalismore.es\/index.php\/wp-json\/wp\/v2\/media?parent=12138"}],"wp:term":[{"taxonomy":"category","embeddable":true,"href":"https:\/\/minimalismore.es\/index.php\/wp-json\/wp\/v2\/categories?post=12138"},{"taxonomy":"post_tag","embeddable":true,"href":"https:\/\/minimalismore.es\/index.php\/wp-json\/wp\/v2\/tags?post=12138"}],"curies":[{"name":"wp","href":"https:\/\/api.w.org\/{rel}","templated":true}]}}