{"id":12844,"date":"2022-02-14T10:27:47","date_gmt":"2022-02-14T09:27:47","guid":{"rendered":"https:\/\/minimalismore.es\/?p=12844"},"modified":"2022-02-14T10:38:11","modified_gmt":"2022-02-14T09:38:11","slug":"cincuentenario-del-ascenso-a-la-fama-de-thomas-pasatieri","status":"publish","type":"post","link":"https:\/\/minimalismore.es\/index.php\/2022\/02\/14\/cincuentenario-del-ascenso-a-la-fama-de-thomas-pasatieri\/","title":{"rendered":"50 a\u00f1os del estreno de \u00abThe Trial of Mary Lincoln\u00bb"},"content":{"rendered":"<h2>Cincuentenario del estreno de la \u00f3pera que lanz\u00f3 a la fama al compositor Thomas Pasatieri.<\/h2>\n<p>Hoy se cumplen cincuenta a\u00f1os del estreno de <em>The Trial of Mary Lincoln<\/em> [el juicio de Mary Lincoln], la \u00f3pera con la que salt\u00f3 a la fama el compositor estadounidense Thomas Pasatieri (Nueva York, 1945). <em>The Trial of Mary Lincoln<\/em> es una \u00f3pera en un acto con libreto de Anne Howard Bailey, basado en la vida de Mary Todd Lincoln, viuda del presidente de los Estados Unidos Abraham Lincoln.<\/p>\n<p>La \u00f3pera se cre\u00f3 expresamente para televisi\u00f3n y su estreno fue emitido en todos los Estados Unidos el 14 de febrero de 1972 a trav\u00e9s de PBS (Public Broadcasting Service), emisora heredera de la National Educational Television creada por la Fundaci\u00f3n Ford en 1954, que pretend\u00eda ofrecer programas de calidad a los espectadores. En el caso concreto de la \u00f3pera, buscaba atraer a un espectador que no estuviera interesado por el g\u00e9nero, bien por no saber mucho sobre ella o bien porque lo que sabe est\u00e1 distorsionado por conceptos sociales y culturales err\u00f3neos. La televisi\u00f3n se ve\u00eda como una herramienta esencial para borrar esos conceptos y esta obra se centraba en un momento hist\u00f3rico conocido, el juicio que tuvo lugar en 1875 para incapacitar mentalmente a Mary Lincoln: la muerte de su hijo Thomas en julio de 1871, unida al fallecimiento de sus otros dos hijos y el asesinato en 1965 de su marido, le provoc\u00f3 una gran depresi\u00f3n y su \u00fanico hijo superviviente, Robert Lincoln, un joven abogado de Chicago, supuestamente alarmado por el comportamiento cada vez m\u00e1s err\u00e1tico de su madre, inici\u00f3 un proceso para internarla. En el juicio, un jurado decidi\u00f3 internarla en un asilo privado en Batavia, Illinois, pero ella consigui\u00f3 posteriormente demostrar que su proceso de incapacitaci\u00f3n era una artima\u00f1a de Robert para controlar las finanzas de su madre y pudo salir de la instituci\u00f3n para vivir con su hermana Elizabeth.<\/p>\n<p>Pasatieri era entonces un joven compositor de 26 a\u00f1os, pero <em>The Trial of Mary Lincoln<\/em> ya hac\u00eda la n\u00famero siete de sus \u00f3peras. Desde 1984 es tambi\u00e9n conocido por sus orquestaciones de bandas sonoras para pel\u00edculas como <em>Tomates verdes fritos<\/em> (1987), <em>La sirenita<\/em> (1989), <em>Esencia de mujer<\/em> (1992), <em>El informe Pel\u00edcano <\/em>(1993), <em>Leyendas de pasi\u00f3n<\/em> (1994) o <em>American Beauty<\/em> (1999). En 2003 fij\u00f3 nuevamente su residencia en Nueva York para retomar su carrera como compositor orquestal y de \u00f3pera, g\u00e9nero en el que ya suma 24 t\u00edtulos, el \u00faltimo de los cuales, <em>The Vaudevillian<\/em>, est\u00e1 inspirado en el ascenso y declive de la soprano estadounidense Rosa Ponselle, que se estren\u00f3 mundialmente en 2018.<\/p>\n","protected":false},"excerpt":{"rendered":"<p>Cincuentenario del estreno de la \u00f3pera que lanz\u00f3 a la fama al compositor Thomas Pasatieri. Hoy se cumplen cincuenta a\u00f1os del estreno de The Trial&hellip;<\/p>\n","protected":false},"author":1,"featured_media":12845,"comment_status":"closed","ping_status":"open","sticky":false,"template":"","format":"standard","meta":{"footnotes":""},"categories":[11,1],"tags":[],"class_list":["post-12844","post","type-post","status-publish","format-standard","has-post-thumbnail","hentry","category-noticias","category-uncategorized"],"_links":{"self":[{"href":"https:\/\/minimalismore.es\/index.php\/wp-json\/wp\/v2\/posts\/12844","targetHints":{"allow":["GET"]}}],"collection":[{"href":"https:\/\/minimalismore.es\/index.php\/wp-json\/wp\/v2\/posts"}],"about":[{"href":"https:\/\/minimalismore.es\/index.php\/wp-json\/wp\/v2\/types\/post"}],"author":[{"embeddable":true,"href":"https:\/\/minimalismore.es\/index.php\/wp-json\/wp\/v2\/users\/1"}],"replies":[{"embeddable":true,"href":"https:\/\/minimalismore.es\/index.php\/wp-json\/wp\/v2\/comments?post=12844"}],"version-history":[{"count":12,"href":"https:\/\/minimalismore.es\/index.php\/wp-json\/wp\/v2\/posts\/12844\/revisions"}],"predecessor-version":[{"id":12858,"href":"https:\/\/minimalismore.es\/index.php\/wp-json\/wp\/v2\/posts\/12844\/revisions\/12858"}],"wp:featuredmedia":[{"embeddable":true,"href":"https:\/\/minimalismore.es\/index.php\/wp-json\/wp\/v2\/media\/12845"}],"wp:attachment":[{"href":"https:\/\/minimalismore.es\/index.php\/wp-json\/wp\/v2\/media?parent=12844"}],"wp:term":[{"taxonomy":"category","embeddable":true,"href":"https:\/\/minimalismore.es\/index.php\/wp-json\/wp\/v2\/categories?post=12844"},{"taxonomy":"post_tag","embeddable":true,"href":"https:\/\/minimalismore.es\/index.php\/wp-json\/wp\/v2\/tags?post=12844"}],"curies":[{"name":"wp","href":"https:\/\/api.w.org\/{rel}","templated":true}]}}