{"id":13594,"date":"2022-03-10T12:58:05","date_gmt":"2022-03-10T11:58:05","guid":{"rendered":"https:\/\/minimalismore.es\/?p=13594"},"modified":"2023-02-28T17:34:55","modified_gmt":"2023-02-28T16:34:55","slug":"olga-neuwirth-recibe-el-premio-siemens-de-musica","status":"publish","type":"post","link":"https:\/\/minimalismore.es\/index.php\/2022\/03\/10\/olga-neuwirth-recibe-el-premio-siemens-de-musica\/","title":{"rendered":"Olga Neuwirth, premiada con el Siemens de M\u00fasica"},"content":{"rendered":"<h2>La compositora austr\u00edaca Olga Neuwirth es galardonada con el Premio Siemens de M\u00fasica.<\/h2>\n<p>La compositora austriaca <a href=\"http:\/\/www.olganeuwirth.com\/about.php\" target=\"_blank\" rel=\"noopener\">Olga Neuwirth<\/a> ha sido galardonada con el Premio de M\u00fasica Ernst von Siemens 2022. El anuncio ha sido comunicado por la <a href=\"https:\/\/www.evs-musikstiftung.ch\/en\/foundation\/foundation\/history.html\">Fundaci\u00f3n Musical Ernst von Siemens<\/a>, con sede en Suiza, que concede el premio anualmente desde 1973. El m\u00e1s prestigioso de los premios de m\u00fasica cl\u00e1sica en el \u00e1mbito germ\u00e1nico est\u00e1 dotado con 250.000 euros y se le entregar\u00e1 a Neuwirth el 2 de junio en el Prinzregententheater de M\u00fanich en un acto en cuyo transcurso el <a href=\"https:\/\/www.ensembleintercontemporain.com\/fr\/un-ensemble-de-solistes\/\" target=\"_blank\" rel=\"noopener\">Ensemble Intercontemporain, bajo la direcci\u00f3n de Matthias Pintscher<\/a>, interpretar\u00e1 obras de la galardonada.<\/p>\n<p>Antes de Neuwirth, compositores o m\u00fasicos como Luciano Berio, Hans Werner Henze, Gy\u00f6rgy Ligeti, Gy\u00f6rgy Kurt\u00e1g, Wolfgang Rihm, Olivier Messiaen o Rebecca Saunders, adem\u00e1s de la leyenda del violonchelo Mstislav Rostropovich o la violinista Anne-Sophie Mutter han sido algunos de los galardonados con este premio a lo largo de los \u00faltimos cincuenta a\u00f1os.<\/p>\n<p>\u00a9 EvS Musikstiftung.&nbsp;Fotograf\u00eda de Rui Camilo.<\/p>\n","protected":false},"excerpt":{"rendered":"<p>La compositora austr\u00edaca Olga Neuwirth es galardonada con el Premio Siemens de M\u00fasica. La compositora austriaca Olga Neuwirth ha sido galardonada con el Premio de&hellip;<\/p>\n","protected":false},"author":1,"featured_media":19620,"comment_status":"closed","ping_status":"open","sticky":false,"template":"","format":"standard","meta":{"footnotes":""},"categories":[11,1],"tags":[],"class_list":["post-13594","post","type-post","status-publish","format-standard","has-post-thumbnail","hentry","category-noticias","category-uncategorized"],"_links":{"self":[{"href":"https:\/\/minimalismore.es\/index.php\/wp-json\/wp\/v2\/posts\/13594","targetHints":{"allow":["GET"]}}],"collection":[{"href":"https:\/\/minimalismore.es\/index.php\/wp-json\/wp\/v2\/posts"}],"about":[{"href":"https:\/\/minimalismore.es\/index.php\/wp-json\/wp\/v2\/types\/post"}],"author":[{"embeddable":true,"href":"https:\/\/minimalismore.es\/index.php\/wp-json\/wp\/v2\/users\/1"}],"replies":[{"embeddable":true,"href":"https:\/\/minimalismore.es\/index.php\/wp-json\/wp\/v2\/comments?post=13594"}],"version-history":[{"count":12,"href":"https:\/\/minimalismore.es\/index.php\/wp-json\/wp\/v2\/posts\/13594\/revisions"}],"predecessor-version":[{"id":19621,"href":"https:\/\/minimalismore.es\/index.php\/wp-json\/wp\/v2\/posts\/13594\/revisions\/19621"}],"wp:featuredmedia":[{"embeddable":true,"href":"https:\/\/minimalismore.es\/index.php\/wp-json\/wp\/v2\/media\/19620"}],"wp:attachment":[{"href":"https:\/\/minimalismore.es\/index.php\/wp-json\/wp\/v2\/media?parent=13594"}],"wp:term":[{"taxonomy":"category","embeddable":true,"href":"https:\/\/minimalismore.es\/index.php\/wp-json\/wp\/v2\/categories?post=13594"},{"taxonomy":"post_tag","embeddable":true,"href":"https:\/\/minimalismore.es\/index.php\/wp-json\/wp\/v2\/tags?post=13594"}],"curies":[{"name":"wp","href":"https:\/\/api.w.org\/{rel}","templated":true}]}}