{"id":18989,"date":"2022-11-12T00:09:16","date_gmt":"2022-11-11T23:09:16","guid":{"rendered":"https:\/\/minimalismore.es\/?p=18989"},"modified":"2022-11-19T12:33:00","modified_gmt":"2022-11-19T11:33:00","slug":"primer-concierto-en-madrid-de-edu-comelles-y-rafa-ramos","status":"publish","type":"post","link":"https:\/\/minimalismore.es\/index.php\/2022\/11\/12\/primer-concierto-en-madrid-de-edu-comelles-y-rafa-ramos\/","title":{"rendered":"Edu Comelles y Rafa Ramos, por primera vez en Madrid"},"content":{"rendered":"<h2><strong>Edu Comelles y Rafa Ramos Sania presentan en Madrid sus dos \u00e1lbumes conjuntos, dentro de la programaci\u00f3n del 40\u00ba Festival de Oto\u00f1o.<\/strong><\/h2>\n<p>Ma\u00f1ana domingo, 13 de noviembre, el d\u00fao formado por el contrabajista (multiinstrumentista, en realidad) y compositor valenciano <a href=\"https:\/\/www.rafaramossania.com\/\" target=\"_blank\" rel=\"noopener\">Rafael Ramos Sania<\/a> y el artista sonoro y gestor cultural barcelon\u00e9s <a href=\"http:\/\/www.educomelles.com\/\" target=\"_blank\" rel=\"noopener\">Eduardo Comelles<\/a> presentar\u00e1n en directo en Madrid los dos \u00e1lbumes conjuntos que han publicado, <em>Bot\u00e1nica de balc\u00f3n<\/em> y <em>De camp<\/em>.<\/p>\n<p>Cada uno de los dos m\u00fasicos cuenta con una amplia trayectoria musical por separado, pero en 2019 dieron comienzo a un proyecto colaborativo bautizado con sus nombres, que ech\u00f3 a andar aquel a\u00f1o con un <em>Bot\u00e1nica de balc\u00f3n<\/em>. Esta pasada primavera editaron el \u00absegundo cap\u00edtulo\u00bb, <em>De camp<\/em>, publicado por el sello brit\u00e1nico <a href=\"https:\/\/whitelabrecs.com\/\" target=\"_blank\" rel=\"noopener\">Whitelabrecs<\/a>. Si el primero de los discos era m\u00e1s ac\u00fastico y se centraba en las intervenciones ac\u00fasticas del contrabajo y el oud de Ramos Sania, <em>De camp<\/em> (titulado as\u00ed por las grabaciones \u00abde campo\u00bb, que definen como <em>instrumento<\/em> en su cuenta de bandcamp) est\u00e1 protagonizado por los tratamientos electr\u00f3nicos de Comelles, acerc\u00e1ndose a los terrenos de la m\u00fasica <em>ambient. <\/em>Seg\u00fan nos anticipa por whatsapp Edu Comelles, su intenci\u00f3n es interpretar tambi\u00e9n una versi\u00f3n de la banda canadiense Silver Mount Zion.<\/p>\n<p>El concierto, el primero que ofrecen en Madrid, tendr\u00e1 lugar en espacio <a href=\"https:\/\/replikateatro.com\/programacion\/\" target=\"_blank\" rel=\"noopener\">R\u00e9plika Teatro &#8211; Centro Internacional de Creaci\u00f3n<\/a> (calle Explanada, 14), a las 20:00 y se enmarca en el programa <a href=\"https:\/\/www.madrid.org\/fo\/2022\/botanica.html\" target=\"_blank\" rel=\"noopener\">\u00abOtras experiencias\u00bb<\/a> de la cuadrag\u00e9sima edici\u00f3n del <a href=\"https:\/\/www.madrid.org\/fo\/2022\/index.html\" target=\"_blank\" rel=\"noopener\">Festival de Oto\u00f1o de la Comunidad de Madrid<\/a>.<\/p>\n<h5>\u00a9 Edu Comelles (izda.) y Rafa Ramos Sania, en una fotograf\u00eda descargada de la web del Festival de Oto\u00f1o.<\/h5>\n","protected":false},"excerpt":{"rendered":"<p>Edu Comelles y Rafa Ramos Sania presentan en Madrid sus dos \u00e1lbumes conjuntos, dentro de la programaci\u00f3n del 40\u00ba Festival de Oto\u00f1o. Ma\u00f1ana domingo, 13&hellip;<\/p>\n","protected":false},"author":1,"featured_media":18990,"comment_status":"closed","ping_status":"open","sticky":false,"template":"","format":"standard","meta":{"footnotes":""},"categories":[11,1],"tags":[],"class_list":["post-18989","post","type-post","status-publish","format-standard","has-post-thumbnail","hentry","category-noticias","category-uncategorized"],"_links":{"self":[{"href":"https:\/\/minimalismore.es\/index.php\/wp-json\/wp\/v2\/posts\/18989","targetHints":{"allow":["GET"]}}],"collection":[{"href":"https:\/\/minimalismore.es\/index.php\/wp-json\/wp\/v2\/posts"}],"about":[{"href":"https:\/\/minimalismore.es\/index.php\/wp-json\/wp\/v2\/types\/post"}],"author":[{"embeddable":true,"href":"https:\/\/minimalismore.es\/index.php\/wp-json\/wp\/v2\/users\/1"}],"replies":[{"embeddable":true,"href":"https:\/\/minimalismore.es\/index.php\/wp-json\/wp\/v2\/comments?post=18989"}],"version-history":[{"count":6,"href":"https:\/\/minimalismore.es\/index.php\/wp-json\/wp\/v2\/posts\/18989\/revisions"}],"predecessor-version":[{"id":19044,"href":"https:\/\/minimalismore.es\/index.php\/wp-json\/wp\/v2\/posts\/18989\/revisions\/19044"}],"wp:featuredmedia":[{"embeddable":true,"href":"https:\/\/minimalismore.es\/index.php\/wp-json\/wp\/v2\/media\/18990"}],"wp:attachment":[{"href":"https:\/\/minimalismore.es\/index.php\/wp-json\/wp\/v2\/media?parent=18989"}],"wp:term":[{"taxonomy":"category","embeddable":true,"href":"https:\/\/minimalismore.es\/index.php\/wp-json\/wp\/v2\/categories?post=18989"},{"taxonomy":"post_tag","embeddable":true,"href":"https:\/\/minimalismore.es\/index.php\/wp-json\/wp\/v2\/tags?post=18989"}],"curies":[{"name":"wp","href":"https:\/\/api.w.org\/{rel}","templated":true}]}}