{"id":19051,"date":"2022-11-22T10:55:03","date_gmt":"2022-11-22T09:55:03","guid":{"rendered":"https:\/\/minimalismore.es\/?p=19051"},"modified":"2022-11-22T11:06:43","modified_gmt":"2022-11-22T10:06:43","slug":"suzanne-vega-narradora-de-einstein-on-the-beach","status":"publish","type":"post","link":"https:\/\/minimalismore.es\/index.php\/2022\/11\/22\/suzanne-vega-narradora-de-einstein-on-the-beach\/","title":{"rendered":"Suzanne Vega, narradora de \u00abEinstein on the Beach\u00bb"},"content":{"rendered":"<h2><strong>Hoy llega al Auditorio Nacional de Madrid la versi\u00f3n de concierto de \u00abEinstein on the Beach\u00bb, con Suzanne Vega como narradora.<br \/>\n<\/strong><\/h2>\n<p>Esta tarde, a las 19:30, el <a href=\"https:\/\/www.auditorionacional.mcu.es\/es\/programacion\/cndm-collegium-vocale-gent-ictus-ensemble-suzanne-vega\" target=\"_blank\" rel=\"noopener\">Auditorio Nacional de Madrid<\/a> ofrecer\u00e1 la versi\u00f3n de concierto de la \u00f3pera de Philip Glass <em>Einstein on the Beach<\/em>. Se trata de la misma versi\u00f3n que ya se present\u00f3 en el Palau de la M\u00fasica de Barcelona en mayo de 2019: una versi\u00f3n sin la famosa escenograf\u00eda de Bob Wilson y una duraci\u00f3n de tres horas y media (frente a las casi cinco que duraba la que se estren\u00f3 en 1976 en el Festival de Avi\u00f1\u00f3n).<\/p>\n<p>En vez del Philip Glass Ensemble, la orquesta y coros que interpretar\u00e1 la legendaria composici\u00f3n musical del compositor estadounidense ser\u00e1n dos formaciones belgas: el <a href=\"https:\/\/www.ictus.be\/\" target=\"_blank\" rel=\"noopener\">Ictus Ensemble<\/a> y el <a href=\"https:\/\/www.collegiumvocale.com\/en\/concert\/einstein-on-the-beach-27\/\" target=\"_blank\" rel=\"noopener\">Collegium Vocale Gent<\/a>. Y el papel de narrador ser\u00e1 interpretado por una vieja amiga de Glass, la cantante neoyorquina Suzanne Vega, que alcanz\u00f3 el \u00e9xito internacional con <em>Luka<\/em>, su canci\u00f3n sobre el maltrato infantil incluida en el \u00e1lbum <em>Solitude Standing<\/em> de 1987. Un a\u00f1o antes, Vega colabor\u00f3 con Glass escribiendo los textos de dos de los temas \u2013<em>Lightning<\/em> y <em>Freezing<\/em>\u2013 que formaban parte de <em>Songs From Liquid Days<\/em>, un \u00e1lbum en el que el m\u00fasico se quiso probar como compositor dentro del formato <em>canci\u00f3n<\/em>.<\/p>\n","protected":false},"excerpt":{"rendered":"<p>Hoy llega al Auditorio Nacional de Madrid la versi\u00f3n de concierto de \u00abEinstein on the Beach\u00bb, con Suzanne Vega como narradora. Esta tarde, a las&hellip;<\/p>\n","protected":false},"author":1,"featured_media":19056,"comment_status":"closed","ping_status":"open","sticky":false,"template":"","format":"standard","meta":{"footnotes":""},"categories":[11,1],"tags":[],"class_list":["post-19051","post","type-post","status-publish","format-standard","has-post-thumbnail","hentry","category-noticias","category-uncategorized"],"_links":{"self":[{"href":"https:\/\/minimalismore.es\/index.php\/wp-json\/wp\/v2\/posts\/19051","targetHints":{"allow":["GET"]}}],"collection":[{"href":"https:\/\/minimalismore.es\/index.php\/wp-json\/wp\/v2\/posts"}],"about":[{"href":"https:\/\/minimalismore.es\/index.php\/wp-json\/wp\/v2\/types\/post"}],"author":[{"embeddable":true,"href":"https:\/\/minimalismore.es\/index.php\/wp-json\/wp\/v2\/users\/1"}],"replies":[{"embeddable":true,"href":"https:\/\/minimalismore.es\/index.php\/wp-json\/wp\/v2\/comments?post=19051"}],"version-history":[{"count":5,"href":"https:\/\/minimalismore.es\/index.php\/wp-json\/wp\/v2\/posts\/19051\/revisions"}],"predecessor-version":[{"id":19058,"href":"https:\/\/minimalismore.es\/index.php\/wp-json\/wp\/v2\/posts\/19051\/revisions\/19058"}],"wp:featuredmedia":[{"embeddable":true,"href":"https:\/\/minimalismore.es\/index.php\/wp-json\/wp\/v2\/media\/19056"}],"wp:attachment":[{"href":"https:\/\/minimalismore.es\/index.php\/wp-json\/wp\/v2\/media?parent=19051"}],"wp:term":[{"taxonomy":"category","embeddable":true,"href":"https:\/\/minimalismore.es\/index.php\/wp-json\/wp\/v2\/categories?post=19051"},{"taxonomy":"post_tag","embeddable":true,"href":"https:\/\/minimalismore.es\/index.php\/wp-json\/wp\/v2\/tags?post=19051"}],"curies":[{"name":"wp","href":"https:\/\/api.w.org\/{rel}","templated":true}]}}