{"id":19536,"date":"2023-01-25T07:19:00","date_gmt":"2023-01-25T06:19:00","guid":{"rendered":"https:\/\/minimalismore.es\/?p=19536"},"modified":"2023-01-25T19:34:29","modified_gmt":"2023-01-25T18:34:29","slug":"esa-pekka-salonen-se-dirige-a-si-mismo","status":"publish","type":"post","link":"https:\/\/minimalismore.es\/index.php\/2023\/01\/25\/esa-pekka-salonen-se-dirige-a-si-mismo\/","title":{"rendered":"Esa-Pekka Salonen se dirige a s\u00ed mismo"},"content":{"rendered":"\n<h2 class=\"wp-block-heading\"><strong>El famoso director y compositor finland\u00e9s Esa-Pekka Salonen dirige hoy en Par\u00eds su \u00abSinfon\u00eda concertante para \u00f3rgano y orquesta\u00bb.<\/strong><\/h2>\n\n\n\n<p>Hace unos a\u00f1os, los organistas Iveta Apkalna y Olivier Latry se dirigieron por separado al famoso director finland\u00e9s de orquesta Esa-Pekka Salonen para que les escribiera un concierto para \u00f3rgano. No era un error: Salonen empez\u00f3 su trayectoria musical como compositor y se convirti\u00f3 en director porque sus compa\u00f1eros compositores necesitaban uno y Salonen demostr\u00f3 tener un enorme talento: r\u00e1pidamente se labr\u00f3 una carrera, sobre todo en la Costa Oeste de los Estados Unidos, donde permaneci\u00f3 17 a\u00f1os al frente de la Filarm\u00f3nica de Los \u00c1ngeles (1992-2009), y desde 2020 dirige la orquesta de San Francisco. Cuando Apkalna y Latry le hicieron la petici\u00f3n quiso satisfacer a ambos y decidi\u00f3 escribir la <em>Sinfon\u00eda concertante para \u00f3rgano y orquesta <\/em>que compartir\u00edan estos dos titanes del mundo del \u00f3rgano.<\/p>\n\n\n\n<p>El estreno mundial de la obra tuvo lugar en la ciudad polaca de Katowice el pasado 13 de enero con Iveta Apkalna y bajo la direcci\u00f3n de Salonen, en un concierto con el que se inauguraba el nuevo \u00f3rgano de la <a rel=\"noreferrer noopener\" href=\"https:\/\/nospr.org.pl\/pl\/kalendarz\/nospr-esa-pekka-salonen-iveta-apkalna-inauguracja-organow-w\" target=\"_blank\">Sala de Conciertos de la NOSPR<\/a> (Orquesta Sinf\u00f3nica Nacional de la Radio Polaca). Seguidamente, el 19 de enero se volvi\u00f3 a interpretar en la <a rel=\"noreferrer noopener\" href=\"https:\/\/www.berliner-philharmoniker.de\/en\/concerts\/calendar\/details\/54367\/\" target=\"_blank\">Filarm\u00f3nica de Berl\u00edn<\/a>, de la que es compositor residente en la temporada 2022-2023, y hoy, 25 de enero, la <a href=\"https:\/\/philharmoniedeparis.fr\/en\/activity\/concert-symphonique\/23946-orchestre-de-paris-esa-pekka-salonen\" target=\"_blank\" rel=\"noreferrer noopener\">Orquesta de Par\u00eds <\/a>se vuelve a interpretar bajo la direcci\u00f3n de Salonen, con Olivier Latry como solista de \u00f3rgano.<\/p>\n\n\n\n<p>Pr\u00f3ximamente, Iveta Apkalna ser\u00e1 la solista el 11 de mayo, en la Filarm\u00f3nica del Elba, en Hamburgo, y una semana despu\u00e9s, 18 de mayo, en la Filarm\u00f3nica de Los \u00c1ngeles. Olivier Latry dirigir\u00e1 la \u00faltima representaci\u00f3n en Helsinki con la FRSO en una pr\u00f3xima temporada.<\/p>\n\n\n\n<h2 class=\"wp-block-heading\"><\/h2>\n","protected":false},"excerpt":{"rendered":"<p>El famoso director y compositor finland\u00e9s Esa-Pekka Salonen dirige hoy en Par\u00eds su \u00abSinfon\u00eda concertante para \u00f3rgano y orquesta\u00bb. Hace unos a\u00f1os, los organistas Iveta&hellip;<\/p>\n","protected":false},"author":1,"featured_media":19537,"comment_status":"closed","ping_status":"open","sticky":false,"template":"","format":"standard","meta":{"footnotes":""},"categories":[11,1],"tags":[],"class_list":["post-19536","post","type-post","status-publish","format-standard","has-post-thumbnail","hentry","category-noticias","category-uncategorized"],"_links":{"self":[{"href":"https:\/\/minimalismore.es\/index.php\/wp-json\/wp\/v2\/posts\/19536","targetHints":{"allow":["GET"]}}],"collection":[{"href":"https:\/\/minimalismore.es\/index.php\/wp-json\/wp\/v2\/posts"}],"about":[{"href":"https:\/\/minimalismore.es\/index.php\/wp-json\/wp\/v2\/types\/post"}],"author":[{"embeddable":true,"href":"https:\/\/minimalismore.es\/index.php\/wp-json\/wp\/v2\/users\/1"}],"replies":[{"embeddable":true,"href":"https:\/\/minimalismore.es\/index.php\/wp-json\/wp\/v2\/comments?post=19536"}],"version-history":[{"count":3,"href":"https:\/\/minimalismore.es\/index.php\/wp-json\/wp\/v2\/posts\/19536\/revisions"}],"predecessor-version":[{"id":19544,"href":"https:\/\/minimalismore.es\/index.php\/wp-json\/wp\/v2\/posts\/19536\/revisions\/19544"}],"wp:featuredmedia":[{"embeddable":true,"href":"https:\/\/minimalismore.es\/index.php\/wp-json\/wp\/v2\/media\/19537"}],"wp:attachment":[{"href":"https:\/\/minimalismore.es\/index.php\/wp-json\/wp\/v2\/media?parent=19536"}],"wp:term":[{"taxonomy":"category","embeddable":true,"href":"https:\/\/minimalismore.es\/index.php\/wp-json\/wp\/v2\/categories?post=19536"},{"taxonomy":"post_tag","embeddable":true,"href":"https:\/\/minimalismore.es\/index.php\/wp-json\/wp\/v2\/tags?post=19536"}],"curies":[{"name":"wp","href":"https:\/\/api.w.org\/{rel}","templated":true}]}}