{"id":19595,"date":"2023-02-13T11:00:42","date_gmt":"2023-02-13T10:00:42","guid":{"rendered":"https:\/\/minimalismore.es\/?p=19595"},"modified":"2023-02-13T11:06:26","modified_gmt":"2023-02-13T10:06:26","slug":"eduardo-polonio-y-ana-de-alvear-estrenan-un-dia-como-hoy","status":"publish","type":"post","link":"https:\/\/minimalismore.es\/index.php\/2023\/02\/13\/eduardo-polonio-y-ana-de-alvear-estrenan-un-dia-como-hoy\/","title":{"rendered":"Eduardo Polonio y Ana de Alvear estrenan \u00abUn d\u00eda como hoy\u00bb"},"content":{"rendered":"\n<h2 class=\"wp-block-heading\"><strong>La artista pl\u00e1stica Ana de Alvear y el compositor Eduardo Polonio estrenan en el Reina Sof\u00eda el espect\u00e1culo audiovisual \u00abUn d\u00eda como hoy<\/strong>\u00bb.<\/h2>\n\n\n\n<p>El veterano compositor <a rel=\"noreferrer noopener\" href=\"http:\/\/www.eduardopolonio.com\/\" target=\"_blank\">Eduardo Polonio<\/a> (Madrid, 1941) y la artista Ana de Alvear (Madrid, 1962), hermana de la compositora Mar\u00eda de Alvear, estrenan esta tarde, a las 19:30 en el Auditorio 400 del <a href=\"https:\/\/www.museoreinasofia.es\/actividades\/ana-alvear-eduardo-polonio\" target=\"_blank\" rel=\"noreferrer noopener\">Museo Nacional Centro de Arte Reina Sof\u00eda<\/a> (entrada gratuita hasta completar aforo) el espect\u00e1culo audiovisual <em>Un d\u00eda como hoy<\/em>.<\/p>\n\n\n\n<p>El proyecto es un homenaje a la ciencia y a quienes a trav\u00e9s de ella hacen del mundo un&nbsp;lugar mejor. El espect\u00e1culo consiste en la proyecci\u00f3n en tres paredes de una v\u00eddeoproducci\u00f3n futurista de Ana de Alvear en di\u00e1logo con la m\u00fasica electr\u00f3nica de Eduardo Polonio, uno de los pioneros de la m\u00fasica electroac\u00fastica en Espa\u00f1a, en el que vemos c\u00f3mo un robot llamado E. D. U. (Emotional Discovery Unit) quiere crear un nuevo universo y, pese a sus intentos fallidos, sigue intent\u00e1ndolo. A trav\u00e9s de esta divertida propuesta&nbsp;se nos invita a reflexionar sobre&nbsp;valores como&nbsp;la constancia y capacidades como la resiliencia. El objetivo es resaltar la importancia del esfuerzo silencioso del trabajo diario y&nbsp;rendir homenaje a quienes, a trav\u00e9s de la ciencia,&nbsp;contribuyen a que el universo sea un lugar mejor. <em>Un d\u00eda como hoy<\/em> es la prolongaci\u00f3n de dos trabajos anteriores encargados por el CNDM a Polonio y de Alvear \u2013<em>Beyond us <\/em>(2010) y <em>La odisea de Jorge <\/em>(2014)\u2013, la tercera entrega de un conjunto tem\u00e1tico en torno a la conquista del universo, y para los que Polonio escribi\u00f3 su propia m\u00fasica sin crear una banda sonora al uso, acopl\u00e1ndose a las im\u00e1genes de forma espont\u00e1nea.<br>Como complemento al espect\u00e1culo, encargo del CNDM, Polonio ofrecer\u00e1 una conferencia organizada en colaboraci\u00f3n con el Real Conservatorio Superior de M\u00fasica de Madrid (a las 18:00 horas, entrada libre).<\/p>\n\n\n\n<h5 class=\"wp-block-heading\">\u00a9 Fotograf\u00eda descargada de la web de Eduardo Polonio.<\/h5>\n","protected":false},"excerpt":{"rendered":"<p>La artista pl\u00e1stica Ana de Alvear y el compositor Eduardo Polonio estrenan en el Reina Sof\u00eda el espect\u00e1culo audiovisual \u00abUn d\u00eda como hoy\u00bb. El veterano&hellip;<\/p>\n","protected":false},"author":1,"featured_media":19599,"comment_status":"closed","ping_status":"open","sticky":false,"template":"","format":"standard","meta":{"footnotes":""},"categories":[11,1],"tags":[],"class_list":["post-19595","post","type-post","status-publish","format-standard","has-post-thumbnail","hentry","category-noticias","category-uncategorized"],"_links":{"self":[{"href":"https:\/\/minimalismore.es\/index.php\/wp-json\/wp\/v2\/posts\/19595","targetHints":{"allow":["GET"]}}],"collection":[{"href":"https:\/\/minimalismore.es\/index.php\/wp-json\/wp\/v2\/posts"}],"about":[{"href":"https:\/\/minimalismore.es\/index.php\/wp-json\/wp\/v2\/types\/post"}],"author":[{"embeddable":true,"href":"https:\/\/minimalismore.es\/index.php\/wp-json\/wp\/v2\/users\/1"}],"replies":[{"embeddable":true,"href":"https:\/\/minimalismore.es\/index.php\/wp-json\/wp\/v2\/comments?post=19595"}],"version-history":[{"count":3,"href":"https:\/\/minimalismore.es\/index.php\/wp-json\/wp\/v2\/posts\/19595\/revisions"}],"predecessor-version":[{"id":19604,"href":"https:\/\/minimalismore.es\/index.php\/wp-json\/wp\/v2\/posts\/19595\/revisions\/19604"}],"wp:featuredmedia":[{"embeddable":true,"href":"https:\/\/minimalismore.es\/index.php\/wp-json\/wp\/v2\/media\/19599"}],"wp:attachment":[{"href":"https:\/\/minimalismore.es\/index.php\/wp-json\/wp\/v2\/media?parent=19595"}],"wp:term":[{"taxonomy":"category","embeddable":true,"href":"https:\/\/minimalismore.es\/index.php\/wp-json\/wp\/v2\/categories?post=19595"},{"taxonomy":"post_tag","embeddable":true,"href":"https:\/\/minimalismore.es\/index.php\/wp-json\/wp\/v2\/tags?post=19595"}],"curies":[{"name":"wp","href":"https:\/\/api.w.org\/{rel}","templated":true}]}}