{"id":19639,"date":"2023-02-27T10:28:43","date_gmt":"2023-02-27T09:28:43","guid":{"rendered":"https:\/\/minimalismore.es\/?p=19639"},"modified":"2023-03-01T10:33:36","modified_gmt":"2023-03-01T09:33:36","slug":"javier-quislant-ganador-del-premio-reina-sofia","status":"publish","type":"post","link":"https:\/\/minimalismore.es\/index.php\/2023\/02\/27\/javier-quislant-ganador-del-premio-reina-sofia\/","title":{"rendered":"Javier Quislant, ganador del Premio Reina Sof\u00eda"},"content":{"rendered":"\n<h2 class=\"wp-block-heading\"><strong>El compositor bilba\u00edno Javier Quislant se alza con el XL Premio Reina Sof\u00eda de Composici\u00f3n Musical que concede la Fundaci\u00f3n de M\u00fasica Ferrer-Salat<\/strong>.<\/h2>\n\n\n\n<p>El compositor bilba\u00edno Javier Quislant Garc\u00eda ha resultado ganador en la cuadrag\u00e9sima edici\u00f3n del Premio Reina Sof\u00eda de Composici\u00f3n Musical que otorga la <a href=\"https:\/\/fundaciomusicaferrersalat.com\/es\/javier-quislant-garcia-guanyador-del-xl-premi-reina-sofia-de-composicio-musical\/\" target=\"_blank\" rel=\"noreferrer noopener\">Fundaci\u00f3n de M\u00fasica Ferrer-Salat<\/a>, galard\u00f3n que le ha sido concedido por su obra <em>Unda maris<\/em>. El premio consiste en una dotaci\u00f3n econ\u00f3mica de 100.000 euros y en el estreno mundial de la obra, que tendr\u00e1 lugar el pr\u00f3ximo 13 de octubre, a cargo de la Orquesta Sinf\u00f3nica de Radiotelevisi\u00f3n Espa\u00f1ola, en el Teatro Monumental de Madrid, en presencia de la reina hem\u00e9rita y de Sergi Ferrer-Salat, actual presidente de la fundaci\u00f3n cultural.<\/p>\n\n\n\n<p>El jurado encargado de la decisi\u00f3n estuvo presidido por el compositor espectralista franc\u00e9s Philippe Hurel, y cont\u00f3 como restantes integrantes con el compositor franc\u00e9s Yann Robin y los compositores espa\u00f1oles Sergio Blardony, Nuria N\u00fa\u00f1ez Hierro y Jes\u00fas Rueda.<\/p>\n\n\n\n<p>Javier Quislant Garc\u00eda (Bilbao, 1984) es m\u00e1ster en Composici\u00f3n Musical y en Composici\u00f3n de Teatro Musical por la Universidad de M\u00fasica y Artes Esc\u00e9nicas de Graz (Austria). Su cat\u00e1logo de obras abarca desde la m\u00fasica para solista y conjunto hasta obras orquestales, corales y \u00f3pera de c\u00e1mara. Ha desarrollado su carrera art\u00edstica en colaboraci\u00f3n con conjuntos de m\u00fasica contempor\u00e1nea como el Klangforum Wien, Ensemble Intercontemporain, Ensemble Recherche, Arditti String Quartet, Plural Ensemble, Orchestre Philharmonique de Radio France o Ensemble Modern Akademie (IEMA), siendo programado en festivales de m\u00fasica contempor\u00e1nea como Wien Modern, IRCAM ManiFeste, Gaudeamus o Wittener Tage f\u00fcr Neue Kammermusik, entre otros.<\/p>\n\n\n\n<h5 class=\"wp-block-heading\">\u00a9 Fotograf\u00eda de Javier Quislant descargada de la web de la Fundaci\u00f3n Musical Ferrer-Salat.<\/h5>\n\n\n\n<p><\/p>\n\n\n\n<h2 class=\"wp-block-heading\"><\/h2>\n","protected":false},"excerpt":{"rendered":"<p>El compositor bilba\u00edno Javier Quislant se alza con el XL Premio Reina Sof\u00eda de Composici\u00f3n Musical que concede la Fundaci\u00f3n de M\u00fasica Ferrer-Salat. El compositor&hellip;<\/p>\n","protected":false},"author":1,"featured_media":19644,"comment_status":"closed","ping_status":"open","sticky":false,"template":"","format":"standard","meta":{"footnotes":""},"categories":[11,1],"tags":[],"class_list":["post-19639","post","type-post","status-publish","format-standard","has-post-thumbnail","hentry","category-noticias","category-uncategorized"],"_links":{"self":[{"href":"https:\/\/minimalismore.es\/index.php\/wp-json\/wp\/v2\/posts\/19639","targetHints":{"allow":["GET"]}}],"collection":[{"href":"https:\/\/minimalismore.es\/index.php\/wp-json\/wp\/v2\/posts"}],"about":[{"href":"https:\/\/minimalismore.es\/index.php\/wp-json\/wp\/v2\/types\/post"}],"author":[{"embeddable":true,"href":"https:\/\/minimalismore.es\/index.php\/wp-json\/wp\/v2\/users\/1"}],"replies":[{"embeddable":true,"href":"https:\/\/minimalismore.es\/index.php\/wp-json\/wp\/v2\/comments?post=19639"}],"version-history":[{"count":2,"href":"https:\/\/minimalismore.es\/index.php\/wp-json\/wp\/v2\/posts\/19639\/revisions"}],"predecessor-version":[{"id":19641,"href":"https:\/\/minimalismore.es\/index.php\/wp-json\/wp\/v2\/posts\/19639\/revisions\/19641"}],"wp:featuredmedia":[{"embeddable":true,"href":"https:\/\/minimalismore.es\/index.php\/wp-json\/wp\/v2\/media\/19644"}],"wp:attachment":[{"href":"https:\/\/minimalismore.es\/index.php\/wp-json\/wp\/v2\/media?parent=19639"}],"wp:term":[{"taxonomy":"category","embeddable":true,"href":"https:\/\/minimalismore.es\/index.php\/wp-json\/wp\/v2\/categories?post=19639"},{"taxonomy":"post_tag","embeddable":true,"href":"https:\/\/minimalismore.es\/index.php\/wp-json\/wp\/v2\/tags?post=19639"}],"curies":[{"name":"wp","href":"https:\/\/api.w.org\/{rel}","templated":true}]}}