{"id":19791,"date":"2023-03-31T17:38:31","date_gmt":"2023-03-31T16:38:31","guid":{"rendered":"https:\/\/minimalismore.es\/?p=19791"},"modified":"2023-04-01T11:51:26","modified_gmt":"2023-04-01T10:51:26","slug":"estreno-mundial-de-john-luther-adams","status":"publish","type":"post","link":"https:\/\/minimalismore.es\/index.php\/2023\/03\/31\/estreno-mundial-de-john-luther-adams\/","title":{"rendered":"Estreno mundial de John Luther Adams"},"content":{"rendered":"\n<h2 class=\"wp-block-heading\"><strong>Ayer se produjo en Filadelfia el estreno mundial de \u00abVespers of the Blessed Earth\u00bb, de John Luther Adams.<\/strong><\/h2>\n\n\n\n<p>El 30 de marzo se produjo en el Kimmel Center de Filadelfia el estreno mundial de <em><a rel=\"noreferrer noopener\" href=\"https:\/\/www.philorch.org\/performances\/our-season\/events-and-tickets\/2022-23-season\/verizon-hall\/blessed-earth\/\" target=\"_blank\">Vespers of the Blessed Earth<\/a><\/em>, la \u00faltima composici\u00f3n hasta el momento del estadounidense <a rel=\"noreferrer noopener\" href=\"https:\/\/www.johnlutheradams.net\/\" target=\"_blank\">John Luther Adams<\/a> (Meridian, Misisipi, 1953), uno de los compositores m\u00e1s preocupados por la ecolog\u00eda y el modo en el que el hombre interfiere en la salud del medio ambiente. <em>Vespers of the Blessed Earth<\/em> [V\u00edsperas de la Tierra bendita] fue estrenada ayer por la Orquesta de Filadelfia, el coro The Crossing y la soprano Meigui Zhang, bajo la direcci\u00f3n de Yannick N\u00e9zet-S\u00e9guin. La composici\u00f3n, de cincuenta minutos de duraci\u00f3n, ser\u00e1 interpretada nuevamente en la sede de la orquesta de Filadelfia el s\u00e1bado y el domingo, d\u00edas 1 y 2 de abril, despu\u00e9s de un par\u00e9ntesis en el Carnegie Hall de Nueva York, donde se interpretar\u00e1 esta noche, viernes 31 de marzo.<\/p>\n\n\n\n<p>La obra muestra una visi\u00f3n a escala geol\u00f3gica de la historia de la Tierra, intercalada con secciones que se centran en ejemplos concretos de entornos, fauna y flora en peligro. El primer movimiento, <em>A Brief Descent into Deep Time<\/em>,[<em>Un breve descenso a las profundidades del &nbsp;tiempo<\/em>], es descrito por Adams como un viaje a trav\u00e9s de \u00abdos mil millones de a\u00f1os atr\u00e1s en el tiempo, en el que se cantan los nombres, colores y edades de las capas geol\u00f3gicas del Gran Ca\u00f1\u00f3n\u00bb. <em>A Weeping of Doves<\/em> [<em>El llanto de las palomas<\/em>], para coro <em>a cappella<\/em>, nace del canto de la paloma de la fruta (<em>Ptilinopus pulchellus<\/em>), un ave de colores brillantes que se encuentra en toda la selva tropical de Pap\u00faa Nueva Guinea. El llanto de la hermosa paloma de la fruta funciona aqu\u00ed no s\u00f3lo como s\u00edmbolo del esp\u00edritu divino en las religiones abrah\u00e1micas y representaci\u00f3n de la paz perdida, sino tambi\u00e9n como inspiraci\u00f3n directa de las pr\u00e1cticas rituales de duelo y llanto del pueblo kaluli de las selvas tropicales de Nueva Guinea. El tercer movimiento, <em>Night-Shining Clouds <\/em>[<em>El brillo nocturno de las nubes<\/em>], ilustra una tensi\u00f3n parad\u00f3jica entre el desprecio de la humanidad por el medio ambiente y la propia respuesta de la Tierra. Adams escribe: \u00abA veces, en las tardes de verano, aparecen nubes brillantes en el horizonte septentrional, palpitantes de color como si estuvieran iluminadas desde dentro. A medida que contaminamos m\u00e1s y m\u00e1s la atm\u00f3sfera, estas nubes noctilucentes se han ido expandiendo, haciendo que la Tierra se vuelva m\u00e1s bella\u00bb. En este movimiento, como en toda la obra, las l\u00edneas descendentes evocan austeridad y tristeza. Aqu\u00ed las cuerdas orquestales exploran la serie subarm\u00f3nica, \u00abdescendiendo en espiral en una chacona nocturna\u00bb. La alusi\u00f3n al servicio lit\u00fargico de V\u00edsperas es m\u00e1s evidente en el cuarto movimiento \u2013que Adams ha definido como \u00abel coraz\u00f3n de mis V\u00edsperas\u00bb-, titulado <em>Letan\u00edas de la Sexta Extinci\u00f3n<\/em>, y en el que emplea los nombres latinos de 192 especies en peligro de extinci\u00f3n, a los que a\u00f1ade, finalmente el del <em>Homo sapiens<\/em>: <a rel=\"noreferrer noopener\" href=\"https:\/\/www.planetadelibros.com\/libro-la-sexta-extincion\/302078\" target=\"_blank\">\u00ab<\/a><a rel=\"noreferrer noopener\" href=\"https:\/\/www.planetadelibros.com\/libro-la-sexta-extincion\/302078\" target=\"_blank\">Sexta extinci\u00f3n\u00bb<\/a> es el t\u00e9rmino que los bi\u00f3logos conservacionistas han dado al actual fen\u00f3meno de extinci\u00f3n masiva del Antropoceno, en el que la desaparici\u00f3n de miles de formas de vida coincide con el cambio clim\u00e1tico y la destrucci\u00f3n acelerada de los entornos naturales por parte de la humanidad.&nbsp;&nbsp; &nbsp;&nbsp;&nbsp;<\/p>\n\n\n\n<p>El \u00faltimo movimiento, <em>Aria of the Ghost Bird <\/em>[<em>Aria del p\u00e1jaro fantasma<\/em>], retoma las implicaciones sagradas del canto de los p\u00e1jaros y la presencia espiritual, pero con un tono conmovedor y de advertencia. En este movimiento, Adams interpreta musicalmente el canto de la extinta ave hawaiana \u014d\u02bb\u014d de Kaua (<em>Moho braccatus<\/em>). El compositor transcribi\u00f3 el caracter\u00edstico canto del p\u00e1jaro a partir de una grabaci\u00f3n de 1987 del \u00faltimo ejemplar de la especie \u2013un macho\u2013 llamando a una hembra que nunca llegar\u00eda, pero a la que sigui\u00f3 llamando hasta el final.&nbsp;<\/p>\n\n\n\n<p>En la ejecuci\u00f3n de la obra, los m\u00fasicos y cantantes se encuentran repartidos por toda la sala. \u00abQuiero que sientas que eres el centro de la m\u00fasica y que todo sucede a tu alrededor \u2013dice el compositor\u2013. Algo as\u00ed como estar en un bosque o en un desierto, o en lo que yo llamo el mundo real\u2026 donde hay algo sucediendo a tu alrededor todo el tiempo\u00bb.<\/p>\n\n\n\n<p>Despu\u00e9s de&nbsp; vivir casi cuarenta a\u00f1os en el norte de Alaska, sus composiciones musicales buscaron representar en sonidos el espacio, la quietud y las fuerzas elementales de la naturaleza, en la convicci\u00f3n, adem\u00e1s, de que la m\u00fasica pod\u00eda hacer m\u00e1s que la pol\u00edtica para cambiar el mundo.<\/p>\n\n\n\n<p>En obras como <em>Become Ocean<\/em>, <em>In the White Silence <\/em>o <em>Canticles of the Holy Wind<\/em>, <a href=\"https:\/\/minimalismore.es\/index.php\/2022\/08\/10\/houses-of-the-wind-de-john-luther-adams\/\" target=\"_blank\" rel=\"noreferrer noopener\">Adams<\/a> ha trasladado a la sala de conciertos la sensaci\u00f3n de asombro que sentimos al aire libre. Como \u00e9l mismo escribe en su web: \u00abSi somos capaces de imaginar una cultura y una sociedad en la que cada uno de nosotros se sienta profundamente responsable de su propio lugar en el mundo, tal vez podamos hacer realidad esa cultura y esa sociedad\u00bb.<\/p>\n\n\n\n<h5 class=\"wp-block-heading\">\u00a9 Fotograf\u00eda de John Luther Adams descargada de su p\u00e1gina web.<\/h5>\n\n\n\n<h2 class=\"wp-block-heading\"><\/h2>\n","protected":false},"excerpt":{"rendered":"<p>Ayer se produjo en Filadelfia el estreno mundial de \u00abVespers of the Blessed Earth\u00bb, de John Luther Adams. El 30 de marzo se produjo en&hellip;<\/p>\n","protected":false},"author":1,"featured_media":19797,"comment_status":"closed","ping_status":"open","sticky":false,"template":"","format":"standard","meta":{"footnotes":""},"categories":[11,1],"tags":[],"class_list":["post-19791","post","type-post","status-publish","format-standard","has-post-thumbnail","hentry","category-noticias","category-uncategorized"],"_links":{"self":[{"href":"https:\/\/minimalismore.es\/index.php\/wp-json\/wp\/v2\/posts\/19791","targetHints":{"allow":["GET"]}}],"collection":[{"href":"https:\/\/minimalismore.es\/index.php\/wp-json\/wp\/v2\/posts"}],"about":[{"href":"https:\/\/minimalismore.es\/index.php\/wp-json\/wp\/v2\/types\/post"}],"author":[{"embeddable":true,"href":"https:\/\/minimalismore.es\/index.php\/wp-json\/wp\/v2\/users\/1"}],"replies":[{"embeddable":true,"href":"https:\/\/minimalismore.es\/index.php\/wp-json\/wp\/v2\/comments?post=19791"}],"version-history":[{"count":4,"href":"https:\/\/minimalismore.es\/index.php\/wp-json\/wp\/v2\/posts\/19791\/revisions"}],"predecessor-version":[{"id":19800,"href":"https:\/\/minimalismore.es\/index.php\/wp-json\/wp\/v2\/posts\/19791\/revisions\/19800"}],"wp:featuredmedia":[{"embeddable":true,"href":"https:\/\/minimalismore.es\/index.php\/wp-json\/wp\/v2\/media\/19797"}],"wp:attachment":[{"href":"https:\/\/minimalismore.es\/index.php\/wp-json\/wp\/v2\/media?parent=19791"}],"wp:term":[{"taxonomy":"category","embeddable":true,"href":"https:\/\/minimalismore.es\/index.php\/wp-json\/wp\/v2\/categories?post=19791"},{"taxonomy":"post_tag","embeddable":true,"href":"https:\/\/minimalismore.es\/index.php\/wp-json\/wp\/v2\/tags?post=19791"}],"curies":[{"name":"wp","href":"https:\/\/api.w.org\/{rel}","templated":true}]}}