{"id":20472,"date":"2023-11-09T14:36:26","date_gmt":"2023-11-09T13:36:26","guid":{"rendered":"https:\/\/minimalismore.es\/?p=20472"},"modified":"2023-11-10T10:36:45","modified_gmt":"2023-11-10T09:36:45","slug":"25o-aniversario-de-la-muerte-de-gerard-grisey","status":"publish","type":"post","link":"https:\/\/minimalismore.es\/index.php\/2023\/11\/09\/25o-aniversario-de-la-muerte-de-gerard-grisey\/","title":{"rendered":"25\u00ba aniversario de la muerte de G\u00e9rard Grisey"},"content":{"rendered":"\n<h2 class=\"wp-block-heading\"><strong>Vig\u00e9simo quinto aniversario de la muerte del compositor franc\u00e9s espectralista G\u00e9rard Grisey.<\/strong><\/h2>\n\n\n\n<p>Este s\u00e1bado se cumple el vig\u00e9simo quinto aniversario de la muerte del compositor franc\u00e9s G\u00e9rard Grisey (Belfort, 16 de junio de 1946 \u2013 Par\u00eds, 11 de noviembre de 1998), fallecido a consecuencia de un aneurisma cerebral. Cuando tres meses despu\u00e9s de su muerte se estren\u00f3 su \u00faltima obra, <em>Quatre Chants Pour Franchir Le Seuil<\/em> en el Queen Elizabeth Hall de Londres en febrero de 1999, el compositor ingl\u00e9s George Benjamin describi\u00f3 desde el escenario a su amigo y colega como uno de los compositores m\u00e1s brillantes pero menos apreciados de Europa. <em>Quatre Chants\u2026<\/em>, era, precisamente, una meditaci\u00f3n sobre la muerte y el umbral del m\u00e1s all\u00e1.<\/p>\n\n\n\n<p>Repentina e inesperada, la muerte le lleg\u00f3 a los cincuenta y dos a\u00f1os, cuando a\u00fan se le segu\u00eda considerando un \u00abjoven compositor\u00bb, tal vez porque nunca dio la impresi\u00f3n de ser un artista que hubiera \u00abllegado\u00bb, ya que quienes le conocieron destacaban su autoexigencia, que nunca le dejaba descansar. Por otra parte, su car\u00e1cter ferozmente independiente, en ocasiones brusco, le manten\u00eda alejado de las instituciones.<\/p>\n\n\n\n<p>Form\u00f3 parte, sin pretenderlo realmente, del movimiento musical espectralista, as\u00ed definido por Hugues Dufourt \u2013y del que tambi\u00e9n forman parte Tristan Murail y Micha\u00ebl Levinas\u2013 como nombres principales\u2013, por tener en cuenta los espectros arm\u00f3nicos de los que est\u00e1n hechos los sonidos. \u00c9l no se consideraba, sin embargo, impulsor de dicha escuela y, pese a impartir clases de composici\u00f3n en el Conservatorio de Par\u00eds, no pretend\u00eda formar disc\u00edpulos: no hab\u00eda \u00abgriseystas\u00bb, pero su enfoque de la m\u00fasica s\u00ed ejerci\u00f3 una profunda influencia, sintetizando las que ejercieron sobre \u00e9l los maestros con los que se identificaba: Messiaen (\u00abDios Padre\u00bb), Stockhausen (\u00abel Hijo\u00bb) y Ligeti (\u00abel Esp\u00edritu Santo\u00bb), como los defini\u00f3 en una ocasi\u00f3n. Estos compositores, dec\u00eda, le ense\u00f1aron a escuchar \u00abla carne misma de la m\u00fasica\u00bb y no s\u00f3lo el lenguaje que la transmite; a canalizar los sonidos seg\u00fan su naturaleza en lugar de forzarlos entre s\u00ed. <em>Partiels<\/em>, una obra fechada entre 1975 y 76, en la que el espectro sonoro de un Mi grave de tromb\u00f3n es recreado y luego deconstruido por un gran conjunto instrumental, es considerado como uno de los descubrimientos ic\u00f3nicos de la composici\u00f3n de finales del siglo XX.<\/p>\n\n\n\n<p>A partir de 1984, cuando decidi\u00f3 \u00aba\u00f1adir la ruptura y la rapidez a la obsesi\u00f3n por la continuidad y la lentitud de los procesos\u00bb, comenzar\u00eda tambi\u00e9n a venerar a Conlon Nancarrow y Leos Janacek. Reaccionando contra la generaci\u00f3n anterior, en la estela de la dodecafon\u00eda, que aplicaban a la composici\u00f3n musical procesos abstractos o compartimentados, Grisey pretend\u00eda tener en cuenta la naturaleza ac\u00fastica de los sonidos, que estudiaba apasionadamente, y la realidad de nuestra percepci\u00f3n.<\/p>\n\n\n\n<p>Adelant\u00e1ndose a la efem\u00e9ride, en los \u00faltimos meses hemos asistido al lanzamiento de dos libros en ingl\u00e9s que abordan su legado: <em><a href=\"https:\/\/www.cambridge.org\/core\/books\/gerard-grisey-and-spectral-music\/2AEB3BE8F9A57F6A3F285164A413243E#\" target=\"_blank\" rel=\"noreferrer noopener\">G\u00e9rard Grisey And Spectral Music: Composition In The Information Age<\/a><\/em>, de Liam Cagney, publicado por Cambridge University Press, y <em><a rel=\"noreferrer noopener\" href=\"https:\/\/minimalismore.es\/index.php\/2023\/08\/08\/publicada-la-primera-biografia-de-gerard-grisey\/\" target=\"_blank\">The Life And Music Of G\u00e9rard Grisey: Delirium And Form<\/a><\/em>, escrito por Jeffrey Arlo Brown y publicado por University Of Rochester Press.<\/p>\n\n\n\n<h2 class=\"wp-block-heading\"><\/h2>\n","protected":false},"excerpt":{"rendered":"<p>Vig\u00e9simo quinto aniversario de la muerte del compositor franc\u00e9s espectralista G\u00e9rard Grisey. Este s\u00e1bado se cumple el vig\u00e9simo quinto aniversario de la muerte del compositor&hellip;<\/p>\n","protected":false},"author":1,"featured_media":20474,"comment_status":"closed","ping_status":"open","sticky":false,"template":"","format":"standard","meta":{"footnotes":""},"categories":[11,15,1],"tags":[],"class_list":["post-20472","post","type-post","status-publish","format-standard","has-post-thumbnail","hentry","category-noticias","category-obituarios","category-uncategorized"],"_links":{"self":[{"href":"https:\/\/minimalismore.es\/index.php\/wp-json\/wp\/v2\/posts\/20472","targetHints":{"allow":["GET"]}}],"collection":[{"href":"https:\/\/minimalismore.es\/index.php\/wp-json\/wp\/v2\/posts"}],"about":[{"href":"https:\/\/minimalismore.es\/index.php\/wp-json\/wp\/v2\/types\/post"}],"author":[{"embeddable":true,"href":"https:\/\/minimalismore.es\/index.php\/wp-json\/wp\/v2\/users\/1"}],"replies":[{"embeddable":true,"href":"https:\/\/minimalismore.es\/index.php\/wp-json\/wp\/v2\/comments?post=20472"}],"version-history":[{"count":3,"href":"https:\/\/minimalismore.es\/index.php\/wp-json\/wp\/v2\/posts\/20472\/revisions"}],"predecessor-version":[{"id":20483,"href":"https:\/\/minimalismore.es\/index.php\/wp-json\/wp\/v2\/posts\/20472\/revisions\/20483"}],"wp:featuredmedia":[{"embeddable":true,"href":"https:\/\/minimalismore.es\/index.php\/wp-json\/wp\/v2\/media\/20474"}],"wp:attachment":[{"href":"https:\/\/minimalismore.es\/index.php\/wp-json\/wp\/v2\/media?parent=20472"}],"wp:term":[{"taxonomy":"category","embeddable":true,"href":"https:\/\/minimalismore.es\/index.php\/wp-json\/wp\/v2\/categories?post=20472"},{"taxonomy":"post_tag","embeddable":true,"href":"https:\/\/minimalismore.es\/index.php\/wp-json\/wp\/v2\/tags?post=20472"}],"curies":[{"name":"wp","href":"https:\/\/api.w.org\/{rel}","templated":true}]}}