{"id":20655,"date":"2024-01-19T18:47:01","date_gmt":"2024-01-19T17:47:01","guid":{"rendered":"https:\/\/minimalismore.es\/?p=20655"},"modified":"2024-01-19T18:50:34","modified_gmt":"2024-01-19T17:50:34","slug":"hector-parra-estrena-en-ginebra-su-opera-justice","status":"publish","type":"post","link":"https:\/\/minimalismore.es\/index.php\/2024\/01\/19\/hector-parra-estrena-en-ginebra-su-opera-justice\/","title":{"rendered":"H\u00e9ctor Parra estrena en Ginebra su \u00f3pera \u00abJustice\u00bb"},"content":{"rendered":"\n<h2 class=\"wp-block-heading\"><strong>Este lunes, 22 de enero, se estrena en el Gran Teatro de Ginebra \u00abJustice\u00bb, la octava \u00f3pera del compositor barcelon\u00e9s H\u00e9ctor Parra.<\/strong><\/h2>\n\n\n\n<p>El compositor espa\u00f1ol <a href=\"https:\/\/www.hectorparra.net\/bio\/es\/\" target=\"_blank\" rel=\"noreferrer noopener\">H\u00e9ctor Parra<\/a> (Barcelona, 1976) estrena este lunes en Ginebra su octava \u00f3pera, <em>Justice<\/em>. Encargada por el <a href=\"https:\/\/www.gtg.ch\/en\/2023-2024-season\/justice\/\" target=\"_blank\" rel=\"noreferrer noopener\">Gran Teatro de Ginebra<\/a> y el <a href=\"https:\/\/www.tangente-st-poelten.at\/en\/productions\/justice\/1070\" target=\"_blank\" rel=\"noreferrer noopener\">Festival Tangente de Sankt P\u00f6lten<\/a>, en Austria, la \u00f3pera est\u00e1 dirigida por el cineasta y director de escena suizo <a href=\"https:\/\/www.ntgent.be\/en\/ensemble\/milo-rau\" target=\"_blank\" rel=\"noreferrer noopener\">Milo Rau<\/a>, que escribi\u00f3 un guion sobre una tr\u00e1gica historia que provoc\u00f3 la muerte de una veintena de personas en el Congo: en febrero de 2019, un cami\u00f3n que transportaba \u00e1cido sulf\u00farico destinado a la mina de Mutanda \u2013propiedad de Mutanda Mining, empresa vinculada al grupo suizo Glencore\u2013 se sali\u00f3 de la carretera y choc\u00f3 contra un minib\u00fas y algunas casas. En el accidente murieron 21 personas \u2013muchas de ellas ni\u00f1os\u2013 y varias m\u00e1s resultaron gravemente heridas, quemadas por los productos t\u00f3xicos. Cuatro a\u00f1os despu\u00e9s de los hechos, Rau quiso mantener viva la historia, para sacar a la luz los perversos v\u00ednculos que a veces mantienen las multinacionales con los poderes f\u00e1cticos.<\/p>\n\n\n\n<p>Rau escribi\u00f3 la sinopsis de un guion, a partir de lo cual el escritor congole\u00f1o Fiston Mwanja Mujila (Lubumbashi, 1981) escribi\u00f3 el libreto en el que la acci\u00f3n se sit\u00faa en el momento actual, cinco a\u00f1os despu\u00e9s del accidente, cuando el director de la multinacional suiza viaja con su mujer a la peque\u00f1a localidad donde sucedi\u00f3 el accidente para inaugurar, como acto de compensaci\u00f3n, una escuela. All\u00ed los recibe el jefe del pueblo, as\u00ed como sus gentes, pero nada sale como estaba previsto.<\/p>\n\n\n\n<p>La \u00f3pera se representar\u00e1 en Ginebra los d\u00edas 22, 24, 26 y 28 de enero y pr\u00f3ximamente lo har\u00e1 en la Festspilhaus de Sankt P\u00f6lten los d\u00edas 30 de abril y 1 de mayo.<\/p>\n\n\n\n<p>Para componer la m\u00fasica de esta \u00f3pera, Parra se sumergi\u00f3 en la m\u00fasica congole\u00f1a, tanto tradicional como pop, y aunque no ha empleado instrumentos africanos s\u00ed ha utilizado marimbas como instrumentos de percusi\u00f3n, intentando evocar los sonidos propios de la regi\u00f3n de Katanga.. Finalmente, en noviembre del a\u00f1o pasado viaj\u00f3 con Milo Rau y su equipo de producci\u00f3n a la Rep\u00fablica Democr\u00e1tica del Congo, para registrar im\u00e1genes que formar\u00edan parte de la escenograf\u00eda de la \u00f3pera.<\/p>\n\n\n\n<h5 class=\"wp-block-heading\">\u00a9 Moritz von Dungern. El compositor H\u00e9ctor Parra (en el centro), durante la visita que realiz\u00f3 a la Rep\u00fablica Democr\u00e1tica del Congo en noviembre de 2023.<\/h5>\n\n\n\n<h2 class=\"wp-block-heading\"><\/h2>\n","protected":false},"excerpt":{"rendered":"<p>Este lunes, 22 de enero, se estrena en el Gran Teatro de Ginebra \u00abJustice\u00bb, la octava \u00f3pera del compositor barcelon\u00e9s H\u00e9ctor Parra. El compositor espa\u00f1ol&hellip;<\/p>\n","protected":false},"author":1,"featured_media":20659,"comment_status":"closed","ping_status":"open","sticky":false,"template":"","format":"standard","meta":{"footnotes":""},"categories":[11,1],"tags":[],"class_list":["post-20655","post","type-post","status-publish","format-standard","has-post-thumbnail","hentry","category-noticias","category-uncategorized"],"_links":{"self":[{"href":"https:\/\/minimalismore.es\/index.php\/wp-json\/wp\/v2\/posts\/20655","targetHints":{"allow":["GET"]}}],"collection":[{"href":"https:\/\/minimalismore.es\/index.php\/wp-json\/wp\/v2\/posts"}],"about":[{"href":"https:\/\/minimalismore.es\/index.php\/wp-json\/wp\/v2\/types\/post"}],"author":[{"embeddable":true,"href":"https:\/\/minimalismore.es\/index.php\/wp-json\/wp\/v2\/users\/1"}],"replies":[{"embeddable":true,"href":"https:\/\/minimalismore.es\/index.php\/wp-json\/wp\/v2\/comments?post=20655"}],"version-history":[{"count":1,"href":"https:\/\/minimalismore.es\/index.php\/wp-json\/wp\/v2\/posts\/20655\/revisions"}],"predecessor-version":[{"id":20656,"href":"https:\/\/minimalismore.es\/index.php\/wp-json\/wp\/v2\/posts\/20655\/revisions\/20656"}],"wp:featuredmedia":[{"embeddable":true,"href":"https:\/\/minimalismore.es\/index.php\/wp-json\/wp\/v2\/media\/20659"}],"wp:attachment":[{"href":"https:\/\/minimalismore.es\/index.php\/wp-json\/wp\/v2\/media?parent=20655"}],"wp:term":[{"taxonomy":"category","embeddable":true,"href":"https:\/\/minimalismore.es\/index.php\/wp-json\/wp\/v2\/categories?post=20655"},{"taxonomy":"post_tag","embeddable":true,"href":"https:\/\/minimalismore.es\/index.php\/wp-json\/wp\/v2\/tags?post=20655"}],"curies":[{"name":"wp","href":"https:\/\/api.w.org\/{rel}","templated":true}]}}