{"id":20780,"date":"2024-02-19T12:49:57","date_gmt":"2024-02-19T11:49:57","guid":{"rendered":"https:\/\/minimalismore.es\/?p=20780"},"modified":"2024-02-19T12:59:20","modified_gmt":"2024-02-19T11:59:20","slug":"la-sinfonia-para-ocho-de-philip-glass-en-el-auditorio-nacional","status":"publish","type":"post","link":"https:\/\/minimalismore.es\/index.php\/2024\/02\/19\/la-sinfonia-para-ocho-de-philip-glass-en-el-auditorio-nacional\/","title":{"rendered":"La \u00abSinfon\u00eda para ocho\u00bb de Philip Glass, en el Auditorio Nacional"},"content":{"rendered":"\n<h2 class=\"wp-block-heading\"><strong>Los violonchelistas de la ONE interpretan en el Auditorio Nacional la \u00abSinfon\u00eda para ocho\u00bb violonchelos de Philip Glass.<\/strong> <\/h2>\n\n\n\n<p>Joaqu\u00edn Fern\u00e1ndez, Josep Trescol\u00ed, Javier Mart\u00ednez, Mireya Pe\u00f1arroja, Enrique Ferr\u00e1ndez, Mariana Cores, Montserrat Egea y \u00c1ngel Luis Quintana, violonchelistas de la Orquesta Nacional de Espa\u00f1a, ofrecen ma\u00f1ana, a las 19:30, en la sala de c\u00e1mara del Auditorio Nacional el programa titulado <em><a rel=\"noreferrer noopener\" href=\"https:\/\/www.auditorionacional.mcu.es\/es\/programacion\/ocne-satelites-13-2\" target=\"_blank\">Sat\u00e9lite 13: Violonchelos de la ONE<\/a><\/em>. Adem\u00e1s de <em>Pas de six, para seis violonchelos<\/em>, de Offenbach; las <em>7 canciones populares<\/em>, de Falla, y <em>Finale aus Don Quixote<\/em>, de Richard Strauss, el programa cuenta con tres composiciones contempor\u00e1neas: <em>Agnus Dei del R\u00e9quiem polaco, para ocho violonchelos<\/em>, de Krzysztof Penderecki; <em>O Comforter (oraci\u00f3n para el\u00a0 Esp\u00edritu Santo)<\/em>, del compositor uzbeko, nacido sovi\u00e9tico, Alexander Knaifel, y la <em>Sinfon\u00eda para ocho<\/em> [violonchelos], de Philip Glass.<\/p>\n\n\n\n<p>La <em>Sinfon\u00eda para ocho<\/em> es un arreglo para ocho violonchelos del tercer movimiento de la <em>Sinfon\u00eda n\u00ba 3<\/em> de Philip Glass, realizado por el violonchelista donostiarra y director de orquesta El\u00edas Arizcuren Cabezas (San Sebasti\u00e1n, 1943) para el Octeto Ib\u00e9rico de Violonchelos [actualmente conocido como <a href=\"https:\/\/cellooctet.com\/\" target=\"_blank\" rel=\"noreferrer noopener\">Cello Octet Amsterdam<\/a>], que fund\u00f3 en marzo de 1988 en \u00c1msterdam, ciudad en la que reside desde hace a\u00f1os. Arizcuren y Glass se conocieron en 1998 en el Het Muziektheater de \u00c1msterdam. En el transcurso de su conversaci\u00f3n, Glass anim\u00f3 al m\u00fasico espa\u00f1ol a que realizara ese arreglo para ocho violonchelos, de la sinfon\u00eda que el estadounidense hab\u00eda creado para diez violines, cuatro violas, tres violonchelos y dos contrabajos. El arreglo creado por Arizcuren se estren\u00f3 en junio de 1999 en el <em>Festival of American Adventures<\/em> que ten\u00eda lugar en el Concertgebouw de \u00c1msterdam, y cont\u00f3 con la presencia del compositor.<\/p>\n\n\n\n<p>La <em>Sinfon\u00eda n\u00ba 3<\/em> es considerada como una de las m\u00e1s <em>cl\u00e1sicas<\/em> o <em>tradicionales<\/em> de Glass, con la estructura de una verdadera obra cl\u00e1sica. Y el tercer movimiento constituye, en realidad, el n\u00facleo de la obra, adoptando la forma de una chacona oscura. Cuando Glass escuch\u00f3 el arreglo realizado por el octeto de violonchelos qued\u00f3 tan impresionado por la calidad y el potencial del Conjunto Ib\u00e8rico que le dio <em>carta blanca <\/em>a Arizcuren para sumergirse en su m\u00fasica. A\u00f1os despu\u00e9s, en 2006, Arizcuren y el Cello Octet \u00c1msterdam grabaron para Orange Mountain Music, el sello discogr\u00e1fico propiedad de Philip Glass, <em><a href=\"https:\/\/philipglass.com\/recordings\/glass_reflections\/\" target=\"_blank\" rel=\"noreferrer noopener\">Glass Reflections<\/a><\/em>, un \u00e1lbum que incluye versiones para violonchelo de obras del estadounidense como <em>Mishima<\/em>, <em>Company<\/em>, <em>Fa\u00e7ades<\/em>, <em>The Secret Agent<\/em>, etc\u00e9tera.<\/p>\n\n\n\n<h5 class=\"wp-block-heading\">\u00a9 Fotograf\u00eda de Arturo B\u00e9jar descargada de la cuenta de Philip Glass en X.<\/h5>\n\n\n\n<p><\/p>\n\n\n\n<p><\/p>\n","protected":false},"excerpt":{"rendered":"<p>Los violonchelistas de la ONE interpretan en el Auditorio Nacional la \u00abSinfon\u00eda para ocho\u00bb violonchelos de Philip Glass. Joaqu\u00edn Fern\u00e1ndez, Josep Trescol\u00ed, Javier Mart\u00ednez, Mireya&hellip;<\/p>\n","protected":false},"author":1,"featured_media":20784,"comment_status":"closed","ping_status":"open","sticky":false,"template":"","format":"standard","meta":{"footnotes":""},"categories":[11,1],"tags":[],"class_list":["post-20780","post","type-post","status-publish","format-standard","has-post-thumbnail","hentry","category-noticias","category-uncategorized"],"_links":{"self":[{"href":"https:\/\/minimalismore.es\/index.php\/wp-json\/wp\/v2\/posts\/20780","targetHints":{"allow":["GET"]}}],"collection":[{"href":"https:\/\/minimalismore.es\/index.php\/wp-json\/wp\/v2\/posts"}],"about":[{"href":"https:\/\/minimalismore.es\/index.php\/wp-json\/wp\/v2\/types\/post"}],"author":[{"embeddable":true,"href":"https:\/\/minimalismore.es\/index.php\/wp-json\/wp\/v2\/users\/1"}],"replies":[{"embeddable":true,"href":"https:\/\/minimalismore.es\/index.php\/wp-json\/wp\/v2\/comments?post=20780"}],"version-history":[{"count":4,"href":"https:\/\/minimalismore.es\/index.php\/wp-json\/wp\/v2\/posts\/20780\/revisions"}],"predecessor-version":[{"id":20790,"href":"https:\/\/minimalismore.es\/index.php\/wp-json\/wp\/v2\/posts\/20780\/revisions\/20790"}],"wp:featuredmedia":[{"embeddable":true,"href":"https:\/\/minimalismore.es\/index.php\/wp-json\/wp\/v2\/media\/20784"}],"wp:attachment":[{"href":"https:\/\/minimalismore.es\/index.php\/wp-json\/wp\/v2\/media?parent=20780"}],"wp:term":[{"taxonomy":"category","embeddable":true,"href":"https:\/\/minimalismore.es\/index.php\/wp-json\/wp\/v2\/categories?post=20780"},{"taxonomy":"post_tag","embeddable":true,"href":"https:\/\/minimalismore.es\/index.php\/wp-json\/wp\/v2\/tags?post=20780"}],"curies":[{"name":"wp","href":"https:\/\/api.w.org\/{rel}","templated":true}]}}