{"id":20841,"date":"2024-03-05T07:14:00","date_gmt":"2024-03-05T06:14:00","guid":{"rendered":"https:\/\/minimalismore.es\/?p=20841"},"modified":"2024-03-05T19:31:51","modified_gmt":"2024-03-05T18:31:51","slug":"refree-presenta-el-espacio-entre-en-directo-en-madrid","status":"publish","type":"post","link":"https:\/\/minimalismore.es\/index.php\/2024\/03\/05\/refree-presenta-el-espacio-entre-en-directo-en-madrid\/","title":{"rendered":"Refree presenta en directo \u00abel espacio entre\u00bb en Madrid"},"content":{"rendered":"\n<h2 class=\"wp-block-heading\"><strong>Ra\u00fcl Refree presenta \u00abel espacio entre\u00bb en los Teatros del Canal de Madrid.<\/strong><\/h2>\n\n\n\n<p>El m\u00fasico catal\u00e1n Ra\u00fcl Fern\u00e1ndez Mir\u00f3 (Barcelona, 1976) fund\u00f3 y lider\u00f3 a finales del pasado siglo grupos como Romodance, Sitcom y \u00c9lena, hasta que en 2002 empez\u00f3 a trabajar en solitario con el sobrenombre de <a rel=\"noreferrer noopener\" href=\"https:\/\/www.raulrefree.com\/\" target=\"_blank\">Refree<\/a> y poco despu\u00e9s dio comienzo otra trayectoria art\u00edstica y profesional que le ha terminado de encumbrar, la de productor discogr\u00e1fico. En esta extensa vertiente ha trabajado con artistas minoritarios como El Hijo, Els Pets o Nacho Umbert, antes de destacar como productor de discos de Silvia P\u00e9rez Cruz, Kiko Veneno, Roc\u00edo M\u00e1rquez, Christina Rosenvinge, El Ni\u00f1o de Elche, Amaia Romero, La M.O.D.A., Rodrigo Cuevas, Guitarricadelafuente, Pedro Vian (con quien ha publicado recientemente un disco conjunto titulado <em><a rel=\"noreferrer noopener\" href=\"https:\/\/www.rockdelux.com\/discos\/raul-refree---pedro-vian---font-de-la-vera-pau\" target=\"_blank\">Font de la vera pau<\/a><\/em>), Albert Pla o Rosal\u00eda, de quien produjo su primer \u00e1lbum, <em>Los \u00c1ngeles<\/em>, adem\u00e1s de artistas internacionales como las portuguesas Luisa Sobral y Lina, el ingl\u00e9s Richard Youngs o el estadounidense Lee Ranaldo (uno de los guitarristas de Sonic Youth). Varios de los discos que Refree ha producido para otros artistas, como es el caso de <em>Granada<\/em>, con Silvia P\u00e9rez Cruz; <em>All Hands Around the Moment<\/em>, con Richard Youngs; <em>Names of North End Women<\/em>, con Lee Ranaldo; <em>Lina_ Ra\u00fcl Refree<\/em>, con Lina; <em>Font de la vera pau<\/em>, con Pedro Vian, o <em>Los \u00c1ngeles<\/em>, con Rosal\u00eda, son discos que tambi\u00e9n son de de su autor\u00eda, a d\u00fao con el otro artista. En el caso concreto de <em>Los \u00c1ngeles<\/em> se trata de un dato no muy conocido, propiciado por deseo expreso de Refree ya que acababa de concluir la gira de presentaci\u00f3n de <em>Granada<\/em> y Ra\u00fcl quiso evitar que, trat\u00e1ndose del primer disco de Rosal\u00eda, esta se viera eclipsada por las posibles referencias o comparaciones con Silvia P\u00e9rez Cruz.  Refree es tambi\u00e9n el compositor de la banda sonora original de <em>La mes\u00edas<\/em>, la serie de televisi\u00f3n de Los Javis.<\/p>\n\n\n\n<p>En su trayectoria m\u00e1s personal, como m\u00fasico y compositor, ahonda en esos terrenos delicados, intimistas y, en cierto sentido, experimentales que le han granjeado su prestigio como productor y son sus dos \u00faltimos discos a su nombre \u2013<em>el espacio entre<\/em>, de 2023 y <em>La otra mitad<\/em>, de 2018\u2013 los que este jueves ofrece en directo en un concierto que tendr\u00e1 lugar en los <a href=\"https:\/\/www.teatroscanal.com\/espectaculo\/refree-fias2024\/\" target=\"_blank\" rel=\"noreferrer noopener\">Teatros del Canal de Madrid<\/a> (y que estren\u00f3 en diciembre pasado en la \u00d3pera de Rennes, durante la cuadrag\u00e9simo quinta edici\u00f3n de <a href=\"https:\/\/www.lestrans.com\/article\/trans2023-raul-refree-en-session-kexp\/\" target=\"_blank\" rel=\"noreferrer noopener\">Rencontres Trans Musicales<\/a> de la ciudad francesa). Se trata de dos discos llenos de influencias de lo m\u00e1s variadas, desde el minimalismo impresionista de Erik Satie a la experimentaci\u00f3n ambient heterodoxa de Aphex Twin, pasando por los madrigales renacentistas de Claudio Monteverdi, el sonido m\u00e1s aspero de Jim O\u2019Rourke o terrenos cercanos a la tradici\u00f3n folk (incluido un flamenco muy sui g\u00e9neris), envuelto todo de forma homog\u00e9nea en una atm\u00f3sfera como de ensue\u00f1o, ofreciendo una amplia gama de capas y texturas, algo que domina por su labor como productor de \u00e9xito.<\/p>\n\n\n\n<p>La base sobre la que se apoya <em>el espacio entre<\/em>, el disco fundamental que inspira el concierto, son las dos bandas sonoras que Refree compuso en 2021: una para acompa\u00f1ar la proyecci\u00f3n de <em>La aldea maldita<\/em>, la pel\u00edcula muda del cineasta espa\u00f1ol Flori\u00e1n Rey, estrenada originalmente en 1930 (de la que aprovecha seis composiciones), y <em>Un a\u00f1o, una noche<\/em>, el largometraje m\u00e1s reciente del director gerundense Isaki Lacuesta, por la que obtuvo en enero de 2023 el premio Gaud\u00ed a la mejor m\u00fasica original (con cuatro piezas adaptadas de ah\u00ed), y cuatro reinterpretaciones del <em>Lamento della ninfa<\/em>, uno de los madrigales m\u00e1s famosos del citado compositor italiano Claudio Monteverdi.<\/p>\n\n\n\n<h5 class=\"wp-block-heading\">\u00a9 Fotograf\u00eda de NicoM en la que se puede ver a Ra\u00fcl Refree a la guitarra y a la percusionista N\u00faria Andorr\u00e0, descargada de la web de los Teatros del Canal.<\/h5>\n\n\n\n<p><\/p>\n\n\n\n<h2 class=\"wp-block-heading\"><\/h2>\n","protected":false},"excerpt":{"rendered":"<p>Ra\u00fcl Refree presenta \u00abel espacio entre\u00bb en los Teatros del Canal de Madrid. El m\u00fasico catal\u00e1n Ra\u00fcl Fern\u00e1ndez Mir\u00f3 (Barcelona, 1976) fund\u00f3 y lider\u00f3 a&hellip;<\/p>\n","protected":false},"author":1,"featured_media":20847,"comment_status":"closed","ping_status":"open","sticky":false,"template":"","format":"standard","meta":{"footnotes":""},"categories":[11,1],"tags":[],"class_list":["post-20841","post","type-post","status-publish","format-standard","has-post-thumbnail","hentry","category-noticias","category-uncategorized"],"_links":{"self":[{"href":"https:\/\/minimalismore.es\/index.php\/wp-json\/wp\/v2\/posts\/20841","targetHints":{"allow":["GET"]}}],"collection":[{"href":"https:\/\/minimalismore.es\/index.php\/wp-json\/wp\/v2\/posts"}],"about":[{"href":"https:\/\/minimalismore.es\/index.php\/wp-json\/wp\/v2\/types\/post"}],"author":[{"embeddable":true,"href":"https:\/\/minimalismore.es\/index.php\/wp-json\/wp\/v2\/users\/1"}],"replies":[{"embeddable":true,"href":"https:\/\/minimalismore.es\/index.php\/wp-json\/wp\/v2\/comments?post=20841"}],"version-history":[{"count":5,"href":"https:\/\/minimalismore.es\/index.php\/wp-json\/wp\/v2\/posts\/20841\/revisions"}],"predecessor-version":[{"id":20854,"href":"https:\/\/minimalismore.es\/index.php\/wp-json\/wp\/v2\/posts\/20841\/revisions\/20854"}],"wp:featuredmedia":[{"embeddable":true,"href":"https:\/\/minimalismore.es\/index.php\/wp-json\/wp\/v2\/media\/20847"}],"wp:attachment":[{"href":"https:\/\/minimalismore.es\/index.php\/wp-json\/wp\/v2\/media?parent=20841"}],"wp:term":[{"taxonomy":"category","embeddable":true,"href":"https:\/\/minimalismore.es\/index.php\/wp-json\/wp\/v2\/categories?post=20841"},{"taxonomy":"post_tag","embeddable":true,"href":"https:\/\/minimalismore.es\/index.php\/wp-json\/wp\/v2\/tags?post=20841"}],"curies":[{"name":"wp","href":"https:\/\/api.w.org\/{rel}","templated":true}]}}