{"id":2085,"date":"2021-11-01T18:01:20","date_gmt":"2021-11-01T17:01:20","guid":{"rendered":"https:\/\/minimalismore.es\/?p=2085"},"modified":"2021-12-15T11:55:39","modified_gmt":"2021-12-15T10:55:39","slug":"rm-105","status":"publish","type":"post","link":"https:\/\/minimalismore.es\/index.php\/2021\/11\/01\/rm-105\/","title":{"rendered":"RM #105"},"content":{"rendered":"<h2>RARAS M\u00daSICAS. SESI\u00d3N 105.<\/h2>\n<p>El colectivo <a href=\"https:\/\/rarasmusicasmadrid.wordpress.com\/\" target=\"_blank\" rel=\"noopener\">Raras M\u00fasicas<\/a> presenta en Madrid la cent\u00e9simo quinta sesi\u00f3n de libre improvisaci\u00f3n. Raras M\u00fasicas es un espacio de interacci\u00f3n para m\u00fasicos y art\u00edstas interesados en la improvisaci\u00f3n sonora en directo. Con cerca de una d\u00e9cada de actividad, es un referente ineludible del arte en vivo y la innovaci\u00f3n musical de la escena madrile\u00f1a.<\/p>\n<p>En esta sesi\u00f3n, improvisar\u00e1n Elsa Mateu (cello), Tom\u00e1s Lucas (trompeta), Eva O (voz), Juan Antonio Clemente (guitarra), Felipe Yag\u00fce (persusi\u00f3n y voz), Escaramanga (guitarra) y H\u00e9ctor Ag\u00fcero (mar\u00edmbula).<\/p>\n<p>Raras M\u00fasicas. Sesi\u00f3n 105<br \/>Viernes 12 de noviembre 2021, 20:30.<br \/>Sala Secuencia de In\u00fatiles, calle Santocildes 2, Madrid.<br \/>Metro Embajadores. Contribuci\u00f3n: 6 \u20ac<\/p>\n","protected":false},"excerpt":{"rendered":"<p>RARAS M\u00daSICAS. SESI\u00d3N 105. El colectivo Raras M\u00fasicas presenta en Madrid la cent\u00e9simo quinta sesi\u00f3n de libre improvisaci\u00f3n. Raras M\u00fasicas es un espacio de interacci\u00f3n&hellip;<\/p>\n","protected":false},"author":2,"featured_media":2089,"comment_status":"closed","ping_status":"open","sticky":false,"template":"","format":"standard","meta":{"footnotes":""},"categories":[11,1],"tags":[],"class_list":["post-2085","post","type-post","status-publish","format-standard","has-post-thumbnail","hentry","category-noticias","category-uncategorized"],"_links":{"self":[{"href":"https:\/\/minimalismore.es\/index.php\/wp-json\/wp\/v2\/posts\/2085","targetHints":{"allow":["GET"]}}],"collection":[{"href":"https:\/\/minimalismore.es\/index.php\/wp-json\/wp\/v2\/posts"}],"about":[{"href":"https:\/\/minimalismore.es\/index.php\/wp-json\/wp\/v2\/types\/post"}],"author":[{"embeddable":true,"href":"https:\/\/minimalismore.es\/index.php\/wp-json\/wp\/v2\/users\/2"}],"replies":[{"embeddable":true,"href":"https:\/\/minimalismore.es\/index.php\/wp-json\/wp\/v2\/comments?post=2085"}],"version-history":[{"count":37,"href":"https:\/\/minimalismore.es\/index.php\/wp-json\/wp\/v2\/posts\/2085\/revisions"}],"predecessor-version":[{"id":7970,"href":"https:\/\/minimalismore.es\/index.php\/wp-json\/wp\/v2\/posts\/2085\/revisions\/7970"}],"wp:featuredmedia":[{"embeddable":true,"href":"https:\/\/minimalismore.es\/index.php\/wp-json\/wp\/v2\/media\/2089"}],"wp:attachment":[{"href":"https:\/\/minimalismore.es\/index.php\/wp-json\/wp\/v2\/media?parent=2085"}],"wp:term":[{"taxonomy":"category","embeddable":true,"href":"https:\/\/minimalismore.es\/index.php\/wp-json\/wp\/v2\/categories?post=2085"},{"taxonomy":"post_tag","embeddable":true,"href":"https:\/\/minimalismore.es\/index.php\/wp-json\/wp\/v2\/tags?post=2085"}],"curies":[{"name":"wp","href":"https:\/\/api.w.org\/{rel}","templated":true}]}}