{"id":20873,"date":"2024-03-26T12:16:01","date_gmt":"2024-03-26T11:16:01","guid":{"rendered":"https:\/\/minimalismore.es\/?p=20873"},"modified":"2024-03-26T12:38:42","modified_gmt":"2024-03-26T11:38:42","slug":"luis-tabuenca-y-ursula-san-cristobal-en-fabra-i-coats","status":"publish","type":"post","link":"https:\/\/minimalismore.es\/index.php\/2024\/03\/26\/luis-tabuenca-y-ursula-san-cristobal-en-fabra-i-coats\/","title":{"rendered":"Luis Tabuenca y \u00darsula San Crist\u00f3bal en Fabra i Coats"},"content":{"rendered":"\n<h2 class=\"wp-block-heading\"><strong>\u00daltima sesi\u00f3n de \u00abFeedback\u00bb en Fabra i Coats, con un concierto del percusionista Luis Tabuenca y v\u00eddeos de \u00darsula San Crist\u00f3bal.<\/strong><\/h2>\n\n\n\n<p>Ma\u00f1ana mi\u00e9rcoles, 27 de marzo, a las 19:00, tendr\u00e1 lugar en el espacio barcelon\u00e9s Fabra i Coats: F\u00e1brica de Creaci\u00f3n la \u00faltima de las siete sesiones de la muestra de proyectos art\u00edsticos de vanguardia <em><a href=\"https:\/\/www.barcelona.cat\/fabraicoats\/es\/actualitat\/noticies\/luis-tabuenca-y-ursula-san-cristobal-protagonistas-del-ultimo-feedback-de-la-temporada-1382760\" target=\"_blank\" rel=\"noreferrer noopener\">Feedback<\/a><\/em>. La muestra, que dio comienzo el 31 de enero, ha ofrecido hasta ahora doce propuestas (dos por sesi\u00f3n) de diferentes disciplinas (m\u00fasica, teatro, danza, videocreaci\u00f3n, etc.) y finaliza con un programa que presenta las creaciones del compositor y percusionista zaragozano Luis Tabuenca, por un lado, y la videoartista y compositora catalana \u00darsula San Crist\u00f3bal. El acto, de entrada gratuita, est\u00e1 abierto a debate con el p\u00fablico y ser\u00e1 moderado por le periodista de El Peri\u00f3dico de Catalu\u00f1a Imma Fern\u00e1ndez.<\/p>\n\n\n\n<p><a href=\"https:\/\/luistabuenca.com\/es\/inicio\/\" target=\"_blank\" rel=\"noreferrer noopener\">Luis Tabuenca<\/a> (Zaragoza, 1979) public\u00f3 hace unos meses su \u00e1lbum <em><a href=\"https:\/\/minimalismore.es\/index.php\/2023\/12\/22\/mode-records-publicanaturstudium-de-luis-tabuenca\/\" target=\"_blank\" rel=\"noreferrer noopener\">Naturstudium<\/a><\/em>: seis piezas para percusi\u00f3n creadas en 2018 durante una residencia art\u00edstica en Fabra i Coats, que es, en realidad, la primera parte de una trilog\u00eda de obras cuyo t\u00edtulo hace referencia a <em>Wege des Naturstudium<\/em> [formas de estudiar la naturaleza], el ensayo publicado por el pintor Paul Klee en 1923 en la revista semanal de eventos de la escuela Bauhaus. La segunda parte del ciclo se compuso en 2021, para saxof\u00f3n soprano y la tercera (y \u00faltima por el momento) se titula <em>Naturstudium 3 <\/em>y ha sido compuesta para esculturas sonoras Baschet. De esta obra es de la que Tabuenca va a ofrecer una muestra de veinte minutos duraci\u00f3n, ya que, como explica el autor por correo electr\u00f3nico, se trata \u00abde una composici\u00f3n de unos sesenta minutos de duraci\u00f3n que est\u00e1 proceso de creaci\u00f3n y que se grabar\u00e1 este verano con el ensemble&nbsp;Les Percussions de Strasbourg\u00bb, y que ser\u00e1 publicado discogr\u00e1ficamente por el sello barcelon\u00e9s Neu Records.<\/p>\n\n\n\n<p>Por su parte, la intervenci\u00f3n de <a href=\"https:\/\/ursulasancristobal.wordpress.com\/\" target=\"_blank\" rel=\"noreferrer noopener\">\u00darsula San Crist\u00f3bal<\/a>, profesora de m\u00fasica en medios audiovisuales en la Escuela Superior de M\u00fasica de Catalu\u00f1a (ESMUC) y profesora de est\u00e9tica, comunicaci\u00f3n y metodolog\u00eda de la investigaci\u00f3n en Taller de M\u00fasics, consistir\u00e1 en la proyecci\u00f3n de tres piezas de videoarte y m\u00fasica experimental de creaci\u00f3n propia: <em>No soy esa que te has imaginado<\/em>, <em>Radicalmente vivas<\/em> y <em>Memento mori, memento vivere<\/em>, creadas durante la residencia art\u00edstica de San Crist\u00f3bal en Fabra i Coats.<\/p>\n\n\n\n<h5 class=\"wp-block-heading\">\u00a9 Fotograf\u00eda de Luis Tabuenca descargada de la web del Ayuntamiento de Barcelona.<\/h5>\n\n\n\n<h2 class=\"wp-block-heading\"><\/h2>\n","protected":false},"excerpt":{"rendered":"<p>\u00daltima sesi\u00f3n de \u00abFeedback\u00bb en Fabra i Coats, con un concierto del percusionista Luis Tabuenca y v\u00eddeos de \u00darsula San Crist\u00f3bal. Ma\u00f1ana mi\u00e9rcoles, 27 de&hellip;<\/p>\n","protected":false},"author":1,"featured_media":20880,"comment_status":"closed","ping_status":"open","sticky":false,"template":"","format":"standard","meta":{"footnotes":""},"categories":[11,1],"tags":[],"class_list":["post-20873","post","type-post","status-publish","format-standard","has-post-thumbnail","hentry","category-noticias","category-uncategorized"],"_links":{"self":[{"href":"https:\/\/minimalismore.es\/index.php\/wp-json\/wp\/v2\/posts\/20873","targetHints":{"allow":["GET"]}}],"collection":[{"href":"https:\/\/minimalismore.es\/index.php\/wp-json\/wp\/v2\/posts"}],"about":[{"href":"https:\/\/minimalismore.es\/index.php\/wp-json\/wp\/v2\/types\/post"}],"author":[{"embeddable":true,"href":"https:\/\/minimalismore.es\/index.php\/wp-json\/wp\/v2\/users\/1"}],"replies":[{"embeddable":true,"href":"https:\/\/minimalismore.es\/index.php\/wp-json\/wp\/v2\/comments?post=20873"}],"version-history":[{"count":4,"href":"https:\/\/minimalismore.es\/index.php\/wp-json\/wp\/v2\/posts\/20873\/revisions"}],"predecessor-version":[{"id":20881,"href":"https:\/\/minimalismore.es\/index.php\/wp-json\/wp\/v2\/posts\/20873\/revisions\/20881"}],"wp:featuredmedia":[{"embeddable":true,"href":"https:\/\/minimalismore.es\/index.php\/wp-json\/wp\/v2\/media\/20880"}],"wp:attachment":[{"href":"https:\/\/minimalismore.es\/index.php\/wp-json\/wp\/v2\/media?parent=20873"}],"wp:term":[{"taxonomy":"category","embeddable":true,"href":"https:\/\/minimalismore.es\/index.php\/wp-json\/wp\/v2\/categories?post=20873"},{"taxonomy":"post_tag","embeddable":true,"href":"https:\/\/minimalismore.es\/index.php\/wp-json\/wp\/v2\/tags?post=20873"}],"curies":[{"name":"wp","href":"https:\/\/api.w.org\/{rel}","templated":true}]}}