{"id":2298,"date":"2021-08-30T17:58:36","date_gmt":"2021-08-30T16:58:36","guid":{"rendered":"https:\/\/minimalismore.es\/?p=2298"},"modified":"2021-12-02T19:41:48","modified_gmt":"2021-12-02T18:41:48","slug":"elena-mendoza","status":"publish","type":"post","link":"https:\/\/minimalismore.es\/index.php\/2021\/08\/30\/elena-mendoza\/","title":{"rendered":"Elena Mendoza"},"content":{"rendered":"<h2>Elena Mendoza, residente del Palau de Valencia.<\/h2>\n<p>La compositora sevillana y establecida en Berl\u00edn Elena Mendoza ser\u00e1 \u00abcompositora residente\u00bb del <a href=\"https:\/\/www.palauvalencia.com\/\" target=\"_blank\" rel=\"noopener\">Palau de la M\u00fasica de Valencia<\/a>. Ese nombramiento lleva aparejado la creaci\u00f3n de una obra sinf\u00f3nica que ser\u00e1 estrenada por la Orquesta de Valencia en 2023, adem\u00e1s de formar parte del Programa de J\u00f3venes Compositores de la temporada 2022, a celebrarse entre febrero y septiembre del a\u00f1o que viene. Elena Mendoza, autora de la \u00f3pera <em>La ciudad de las mentiras<\/em>, encargada por Gerard Mortier durante su direcci\u00f3n art\u00edstica del Teatro Real y estrenada en 2017, fue tambi\u00e9n la primera mujer en recibir el Premio Nacional de M\u00fasica, galard\u00f3n que le fue concedido en 2010.<\/p>\n<p>\u00a0<\/p>\n","protected":false},"excerpt":{"rendered":"<p>Elena Mendoza, residente del Palau de Valencia. La compositora sevillana y establecida en Berl\u00edn Elena Mendoza ser\u00e1 \u00abcompositora residente\u00bb del Palau de la M\u00fasica de&hellip;<\/p>\n","protected":false},"author":1,"featured_media":2299,"comment_status":"closed","ping_status":"open","sticky":false,"template":"","format":"standard","meta":{"footnotes":""},"categories":[11,1],"tags":[],"class_list":["post-2298","post","type-post","status-publish","format-standard","has-post-thumbnail","hentry","category-noticias","category-uncategorized"],"_links":{"self":[{"href":"https:\/\/minimalismore.es\/index.php\/wp-json\/wp\/v2\/posts\/2298","targetHints":{"allow":["GET"]}}],"collection":[{"href":"https:\/\/minimalismore.es\/index.php\/wp-json\/wp\/v2\/posts"}],"about":[{"href":"https:\/\/minimalismore.es\/index.php\/wp-json\/wp\/v2\/types\/post"}],"author":[{"embeddable":true,"href":"https:\/\/minimalismore.es\/index.php\/wp-json\/wp\/v2\/users\/1"}],"replies":[{"embeddable":true,"href":"https:\/\/minimalismore.es\/index.php\/wp-json\/wp\/v2\/comments?post=2298"}],"version-history":[{"count":13,"href":"https:\/\/minimalismore.es\/index.php\/wp-json\/wp\/v2\/posts\/2298\/revisions"}],"predecessor-version":[{"id":6983,"href":"https:\/\/minimalismore.es\/index.php\/wp-json\/wp\/v2\/posts\/2298\/revisions\/6983"}],"wp:featuredmedia":[{"embeddable":true,"href":"https:\/\/minimalismore.es\/index.php\/wp-json\/wp\/v2\/media\/2299"}],"wp:attachment":[{"href":"https:\/\/minimalismore.es\/index.php\/wp-json\/wp\/v2\/media?parent=2298"}],"wp:term":[{"taxonomy":"category","embeddable":true,"href":"https:\/\/minimalismore.es\/index.php\/wp-json\/wp\/v2\/categories?post=2298"},{"taxonomy":"post_tag","embeddable":true,"href":"https:\/\/minimalismore.es\/index.php\/wp-json\/wp\/v2\/tags?post=2298"}],"curies":[{"name":"wp","href":"https:\/\/api.w.org\/{rel}","templated":true}]}}