{"id":2806,"date":"2021-09-02T20:24:24","date_gmt":"2021-09-02T19:24:24","guid":{"rendered":"https:\/\/minimalismore.es\/?p=2806"},"modified":"2021-11-05T20:30:20","modified_gmt":"2021-11-05T19:30:20","slug":"marc-grey","status":"publish","type":"post","link":"https:\/\/minimalismore.es\/index.php\/2021\/09\/02\/marc-grey\/","title":{"rendered":"Marc Grey"},"content":{"rendered":"<h2>\u00abBirds in the Moon\u00bb, de Marc Grey, llega a L.A.<\/h2>\n<p>Despu\u00e9s del estreno mundial en Nueva York, el pasado mes de mayo, de la \u00f3pera de c\u00e1mara <a href=\"https:\/\/birdsinthemoon.org\/\" target=\"_blank\" rel=\"noopener\"><em>Birds in the Moon<\/em><\/a>\u00a0\u2013compuesta por el estadounidense Mark Grey (Evanston, Illinois, 1967), con libreto de su colaboradora habitual en sus \u00faltimos montajes, la catalana J\u00falia Canosa i Serra\u2013, ayer mi\u00e9rcoles tuvo lugar el estreno en la Coeste Oeste, con representaciones en el ins\u00f3lito emplazamiento del aparcamiento del solar 27 de Santa M\u00f3nica, en Los \u00c1ngeles, que finalizar\u00e1n el domingo. Se trata de una peculiar producci\u00f3n que se representa en un contenedor de transporte mar\u00edtimo que puede montarse r\u00e1pidamente para actuaciones al aire libre en pr\u00e1cticamente cualquier lugar.<\/p>\n<p>\u00a9 Fotograf\u00eda de los ensayos de \u00abBirds in the Moon\u00bb, descargada de la web de la propia \u00f3pera.<\/p>\n","protected":false},"excerpt":{"rendered":"<p>\u00abBirds in the Moon\u00bb, de Marc Grey, llega a L.A. Despu\u00e9s del estreno mundial en Nueva York, el pasado mes de mayo, de la \u00f3pera&hellip;<\/p>\n","protected":false},"author":1,"featured_media":2816,"comment_status":"closed","ping_status":"open","sticky":false,"template":"","format":"standard","meta":{"footnotes":""},"categories":[11,1],"tags":[],"class_list":["post-2806","post","type-post","status-publish","format-standard","has-post-thumbnail","hentry","category-noticias","category-uncategorized"],"_links":{"self":[{"href":"https:\/\/minimalismore.es\/index.php\/wp-json\/wp\/v2\/posts\/2806","targetHints":{"allow":["GET"]}}],"collection":[{"href":"https:\/\/minimalismore.es\/index.php\/wp-json\/wp\/v2\/posts"}],"about":[{"href":"https:\/\/minimalismore.es\/index.php\/wp-json\/wp\/v2\/types\/post"}],"author":[{"embeddable":true,"href":"https:\/\/minimalismore.es\/index.php\/wp-json\/wp\/v2\/users\/1"}],"replies":[{"embeddable":true,"href":"https:\/\/minimalismore.es\/index.php\/wp-json\/wp\/v2\/comments?post=2806"}],"version-history":[{"count":11,"href":"https:\/\/minimalismore.es\/index.php\/wp-json\/wp\/v2\/posts\/2806\/revisions"}],"predecessor-version":[{"id":2823,"href":"https:\/\/minimalismore.es\/index.php\/wp-json\/wp\/v2\/posts\/2806\/revisions\/2823"}],"wp:featuredmedia":[{"embeddable":true,"href":"https:\/\/minimalismore.es\/index.php\/wp-json\/wp\/v2\/media\/2816"}],"wp:attachment":[{"href":"https:\/\/minimalismore.es\/index.php\/wp-json\/wp\/v2\/media?parent=2806"}],"wp:term":[{"taxonomy":"category","embeddable":true,"href":"https:\/\/minimalismore.es\/index.php\/wp-json\/wp\/v2\/categories?post=2806"},{"taxonomy":"post_tag","embeddable":true,"href":"https:\/\/minimalismore.es\/index.php\/wp-json\/wp\/v2\/tags?post=2806"}],"curies":[{"name":"wp","href":"https:\/\/api.w.org\/{rel}","templated":true}]}}