{"id":5106,"date":"2021-10-01T20:06:29","date_gmt":"2021-10-01T19:06:29","guid":{"rendered":"https:\/\/minimalismore.es\/?p=5106"},"modified":"2021-11-17T20:14:13","modified_gmt":"2021-11-17T19:14:13","slug":"alejandro-pelayo","status":"publish","type":"post","link":"https:\/\/minimalismore.es\/index.php\/2021\/10\/01\/alejandro-pelayo\/","title":{"rendered":"Alejandro Pelayo"},"content":{"rendered":"<h2>Conciertos de Alejandro Pelayo para ni\u00f1os.<\/h2>\n<p>Desde hace varios a\u00f1os, el pianista y compositor santanderino <a href=\"https:\/\/alejandropelayo.es\/\" target=\"_blank\" rel=\"noopener\">Alejandro Pelayo<\/a> (integrante, junto a Leonor Watling, de Marlango), realiza con relativa frecuencia conciertos de piano para ni\u00f1os. Este fin de semana, el s\u00e1bado y el domingo, a las 12:00 del mediod\u00eda, podr\u00e1 asistirse en la Sala Mirador de Madrid a uno de estos <a href=\"https:\/\/lamirador.com\/funcion?nombre=concierto-para-ninos-a-los-que-les-gusta-el-piano\" target=\"_blank\" rel=\"noopener\">conciertos \u201cpara ni\u00f1os a los que les gusta el piano\u201d<\/a>, con piezas con t\u00edtulos tan curiosos como <em>Piano para ni\u00f1os que hablan de amor<\/em>, <em>Piano para ni\u00f1os que saltan en los charcos<\/em>, <em>Piano para ni\u00f1os que esconden el br\u00f3coli debajo del mantel<\/em>, <em>Peque\u00f1o carrusel<\/em> o <em>Animales de compa\u00f1\u00eda<\/em>.<\/p>\n<p>Pelayo se encuentra actualmente completando los temas que formar\u00e1n parte de su tercer \u00e1lbum en solitario, de t\u00edtulo provisional <em>Sobre la piel<\/em>, y que editar\u00e1 Altafonte en 2022. El m\u00fasico c\u00e1ntabro ha comenzado a desgranar poco a poco diversos temas \u2013<em>D\u00edmelo al o\u00eddo<\/em> o <em>Ten piedad de m\u00ed<\/em>\u2013 que formar\u00e1n parte de ese pr\u00f3ximo disco, en el que tambi\u00e9n incluir\u00e1 nuevas versiones de <em>Remedia Amoris<\/em> y <em>Umbra<\/em>, dos piezas aparecidas en Spotify en 2020, resultado del confinamiento.<\/p>\n<p>\u00a9 Fotograf\u00eda descargada de la web de la Sala Mirador.<\/p>\n","protected":false},"excerpt":{"rendered":"<p>Conciertos de Alejandro Pelayo para ni\u00f1os. Desde hace varios a\u00f1os, el pianista y compositor santanderino Alejandro Pelayo (integrante, junto a Leonor Watling, de Marlango), realiza&hellip;<\/p>\n","protected":false},"author":1,"featured_media":5107,"comment_status":"closed","ping_status":"open","sticky":false,"template":"","format":"standard","meta":{"footnotes":""},"categories":[11,1],"tags":[],"class_list":["post-5106","post","type-post","status-publish","format-standard","has-post-thumbnail","hentry","category-noticias","category-uncategorized"],"_links":{"self":[{"href":"https:\/\/minimalismore.es\/index.php\/wp-json\/wp\/v2\/posts\/5106","targetHints":{"allow":["GET"]}}],"collection":[{"href":"https:\/\/minimalismore.es\/index.php\/wp-json\/wp\/v2\/posts"}],"about":[{"href":"https:\/\/minimalismore.es\/index.php\/wp-json\/wp\/v2\/types\/post"}],"author":[{"embeddable":true,"href":"https:\/\/minimalismore.es\/index.php\/wp-json\/wp\/v2\/users\/1"}],"replies":[{"embeddable":true,"href":"https:\/\/minimalismore.es\/index.php\/wp-json\/wp\/v2\/comments?post=5106"}],"version-history":[{"count":10,"href":"https:\/\/minimalismore.es\/index.php\/wp-json\/wp\/v2\/posts\/5106\/revisions"}],"predecessor-version":[{"id":5118,"href":"https:\/\/minimalismore.es\/index.php\/wp-json\/wp\/v2\/posts\/5106\/revisions\/5118"}],"wp:featuredmedia":[{"embeddable":true,"href":"https:\/\/minimalismore.es\/index.php\/wp-json\/wp\/v2\/media\/5107"}],"wp:attachment":[{"href":"https:\/\/minimalismore.es\/index.php\/wp-json\/wp\/v2\/media?parent=5106"}],"wp:term":[{"taxonomy":"category","embeddable":true,"href":"https:\/\/minimalismore.es\/index.php\/wp-json\/wp\/v2\/categories?post=5106"},{"taxonomy":"post_tag","embeddable":true,"href":"https:\/\/minimalismore.es\/index.php\/wp-json\/wp\/v2\/tags?post=5106"}],"curies":[{"name":"wp","href":"https:\/\/api.w.org\/{rel}","templated":true}]}}