{"id":6116,"date":"2018-10-23T16:43:51","date_gmt":"2018-10-23T15:43:51","guid":{"rendered":"https:\/\/minimalismore.es\/?p=6116"},"modified":"2021-11-26T16:51:24","modified_gmt":"2021-11-26T15:51:24","slug":"clemens-von-reusner","status":"publish","type":"post","link":"https:\/\/minimalismore.es\/index.php\/2018\/10\/23\/clemens-von-reusner\/","title":{"rendered":"Clemens von Reusner"},"content":{"rendered":"<h2>\u00abElectroacoustic works\u00bb, de Clemens Reusner.<\/h2>\n<p>La m\u00fasica contempor\u00e1nea electroac\u00fastica suele ser obra de compositores muy cercanos tambi\u00e9n a \u00e1mbitos tecnol\u00f3gicos. El alem\u00e1n Clemens Von Reusner (Vechelde, 1957) es compositor e inform\u00e1tico (programador de software).<\/p>\n<p>Las actuales composiciones que conforman estos <a href=\"https:\/\/neos-music.com\/?language=english&amp;page=output.php%3Ftemplate%3Denglish-album-details.php%26content%3DAlben\/11803.php\" target=\"_blank\" rel=\"noopener\"><em>Electroacoustic works<\/em><\/a> (siete piezas que superan la hora de duraci\u00f3n), casi todas estrenadas en directo entre 2012 y 2018, mezclan sonidos ac\u00fasticos con otros generados. El contraste de ambas estructuras (entre las \u00abreales\u00bb figuran, por ejemplo, puertas de madera que se abren y se cierran o percusiones sobre superficies met\u00e1licas) da como resultado la sensaci\u00f3n de una exploraci\u00f3n microsc\u00f3pica del sonido, casi entendido este como un cuerpo vivo aut\u00f3nomo. Asistimos al desarrollo \u00abbiol\u00f3gico\u00bb de estos sonidos con la sorpresa de experimentar la analog\u00eda entre los que son generados electr\u00f3nicamente con elementos org\u00e1nicos no existentes: mar, viento, el zumbido de alas de insectos\u2026 Es de imaginar que cuando Pierre Schaeffer \u00abinvent\u00f3\u00bb hace casi noventa a\u00f1os, los principios de la m\u00fasica concreta pensaba en resultados similares a los alcanzados y desarrollados por Von Reusner.<\/p>\n<p>Grabado con un micr\u00f3fono especial, este material de sonido casi no tiene nada de lo que es t\u00edpico del sonido \u00abmusical\u00bb. No hay profundidad espacial, ni din\u00e1mica alguna. En su identidad como ruido, los sonidos son est\u00e1ticos, aunque son internamente m\u00f3viles. Por lo general, parecen torpes, incluso herm\u00e9ticos, como el familiar zumbido de los platos principales. Utilizando los recursos del estudio electr\u00f3nico, se examinan en su estructura y se dise\u00f1an nuevamente. El trabajo se present\u00f3 como contribuci\u00f3n alemana a los World Music Days for New Music en Vancouver en 2017 y fue nominado para el Prix Phonurgia en Francia en 2017.<\/p>\n","protected":false},"excerpt":{"rendered":"<p>\u00abElectroacoustic works\u00bb, de Clemens Reusner. La m\u00fasica contempor\u00e1nea electroac\u00fastica suele ser obra de compositores muy cercanos tambi\u00e9n a \u00e1mbitos tecnol\u00f3gicos. El alem\u00e1n Clemens Von Reusner&hellip;<\/p>\n","protected":false},"author":1,"featured_media":6117,"comment_status":"closed","ping_status":"open","sticky":false,"template":"","format":"standard","meta":{"footnotes":""},"categories":[13],"tags":[],"class_list":["post-6116","post","type-post","status-publish","format-standard","has-post-thumbnail","hentry","category-nove_disco"],"_links":{"self":[{"href":"https:\/\/minimalismore.es\/index.php\/wp-json\/wp\/v2\/posts\/6116","targetHints":{"allow":["GET"]}}],"collection":[{"href":"https:\/\/minimalismore.es\/index.php\/wp-json\/wp\/v2\/posts"}],"about":[{"href":"https:\/\/minimalismore.es\/index.php\/wp-json\/wp\/v2\/types\/post"}],"author":[{"embeddable":true,"href":"https:\/\/minimalismore.es\/index.php\/wp-json\/wp\/v2\/users\/1"}],"replies":[{"embeddable":true,"href":"https:\/\/minimalismore.es\/index.php\/wp-json\/wp\/v2\/comments?post=6116"}],"version-history":[{"count":7,"href":"https:\/\/minimalismore.es\/index.php\/wp-json\/wp\/v2\/posts\/6116\/revisions"}],"predecessor-version":[{"id":6125,"href":"https:\/\/minimalismore.es\/index.php\/wp-json\/wp\/v2\/posts\/6116\/revisions\/6125"}],"wp:featuredmedia":[{"embeddable":true,"href":"https:\/\/minimalismore.es\/index.php\/wp-json\/wp\/v2\/media\/6117"}],"wp:attachment":[{"href":"https:\/\/minimalismore.es\/index.php\/wp-json\/wp\/v2\/media?parent=6116"}],"wp:term":[{"taxonomy":"category","embeddable":true,"href":"https:\/\/minimalismore.es\/index.php\/wp-json\/wp\/v2\/categories?post=6116"},{"taxonomy":"post_tag","embeddable":true,"href":"https:\/\/minimalismore.es\/index.php\/wp-json\/wp\/v2\/tags?post=6116"}],"curies":[{"name":"wp","href":"https:\/\/api.w.org\/{rel}","templated":true}]}}