{"id":9109,"date":"2012-06-15T17:03:37","date_gmt":"2012-06-15T16:03:37","guid":{"rendered":"https:\/\/minimalismore.es\/?p=9109"},"modified":"2022-01-03T17:10:15","modified_gmt":"2022-01-03T16:10:15","slug":"ars-sonora","status":"publish","type":"post","link":"https:\/\/minimalismore.es\/index.php\/2012\/06\/15\/ars-sonora\/","title":{"rendered":"Ars Sonora"},"content":{"rendered":"<h2>\u00abArs Sonora. Veinticinco a\u00f1os\u00bb. Varios autores.<\/h2>\n<p><em>Ars Sonora<\/em> es un programa de Radio Cl\u00e1sica de RNE (s\u00e1bados, a la 01:00) que cumplir\u00e1 27 a\u00f1os el 6 de octubre. Es el nexo de uni\u00f3n entre la m\u00fasica <em>culta<\/em> contempor\u00e1nea y las vanguardias no acad\u00e9micas y, adem\u00e1s, un foco de creaci\u00f3n de <em>arte sonoro<\/em>\u00a0que a veces emplea un curioso formato radiof\u00f3nico, con numeros\u00edsimas producciones musicales exclusivas del programa, encargadas a aut\u00e9nticas figuras de lo experimental.<\/p>\n<p>Fundaci\u00f3n Autor ha publicado un libro que recorre la historia del programa que es, en buena medida, la de la m\u00fasica espa\u00f1ola m\u00e1s avanzada. Para completarlo se incluyen dos ced\u00e9s con fragmentos de esas piezas, a cargo de gente como Luis de Pablo, Eduardo Polonio, Luc Ferrari, Philip Corner, Concha Jerez, Francisco L\u00f3pez, Esther Ferrer o Jos\u00e9 Iges (fundador del programa junto a Francisco Felipe, a quien en los 80 se conoc\u00eda por su alias musical La Otra Cara de un Jard\u00edn).<\/p>\n","protected":false},"excerpt":{"rendered":"<p>\u00abArs Sonora. Veinticinco a\u00f1os\u00bb. Varios autores. Ars Sonora es un programa de Radio Cl\u00e1sica de RNE (s\u00e1bados, a la 01:00) que cumplir\u00e1 27 a\u00f1os el&hellip;<\/p>\n","protected":false},"author":1,"featured_media":9110,"comment_status":"closed","ping_status":"open","sticky":false,"template":"","format":"standard","meta":{"footnotes":""},"categories":[17],"tags":[],"class_list":["post-9109","post","type-post","status-publish","format-standard","has-post-thumbnail","hentry","category-libros"],"_links":{"self":[{"href":"https:\/\/minimalismore.es\/index.php\/wp-json\/wp\/v2\/posts\/9109","targetHints":{"allow":["GET"]}}],"collection":[{"href":"https:\/\/minimalismore.es\/index.php\/wp-json\/wp\/v2\/posts"}],"about":[{"href":"https:\/\/minimalismore.es\/index.php\/wp-json\/wp\/v2\/types\/post"}],"author":[{"embeddable":true,"href":"https:\/\/minimalismore.es\/index.php\/wp-json\/wp\/v2\/users\/1"}],"replies":[{"embeddable":true,"href":"https:\/\/minimalismore.es\/index.php\/wp-json\/wp\/v2\/comments?post=9109"}],"version-history":[{"count":7,"href":"https:\/\/minimalismore.es\/index.php\/wp-json\/wp\/v2\/posts\/9109\/revisions"}],"predecessor-version":[{"id":9118,"href":"https:\/\/minimalismore.es\/index.php\/wp-json\/wp\/v2\/posts\/9109\/revisions\/9118"}],"wp:featuredmedia":[{"embeddable":true,"href":"https:\/\/minimalismore.es\/index.php\/wp-json\/wp\/v2\/media\/9110"}],"wp:attachment":[{"href":"https:\/\/minimalismore.es\/index.php\/wp-json\/wp\/v2\/media?parent=9109"}],"wp:term":[{"taxonomy":"category","embeddable":true,"href":"https:\/\/minimalismore.es\/index.php\/wp-json\/wp\/v2\/categories?post=9109"},{"taxonomy":"post_tag","embeddable":true,"href":"https:\/\/minimalismore.es\/index.php\/wp-json\/wp\/v2\/tags?post=9109"}],"curies":[{"name":"wp","href":"https:\/\/api.w.org\/{rel}","templated":true}]}}