{"id":9846,"date":"2011-06-30T14:21:48","date_gmt":"2011-06-30T13:21:48","guid":{"rendered":"https:\/\/minimalismore.es\/?p=9846"},"modified":"2022-06-09T08:59:09","modified_gmt":"2022-06-09T07:59:09","slug":"wim-mertens-5","status":"publish","type":"post","link":"https:\/\/minimalismore.es\/index.php\/2011\/06\/30\/wim-mertens-5\/","title":{"rendered":"\u00abSERIES OF ANDS. Immediate givens\u00bb, de Wim Mertens"},"content":{"rendered":"<h2>\u00abSERIES OF ANDS. Immediate givens\u00bb, de Wim Mertens.<\/h2>\n<p>El belga Wim Mertens surgi\u00f3 en los a\u00f1os ochenta como la voz m\u00e1s popular de la Europa continental en el \u00e1mbito de la corriente minimalista de la m\u00fasica contempor\u00e1nea (Glass, Reich, Nyman\u2026) Con el paso del tiempo no ha llegado a situarse en la \u00f3rbita de prestigio que discos como este \u00e1lbum doble merecen. Ni tan experimental para resultar \u00e1rido (como s\u00ed lo ha sido en otras ocasiones), ni tan mel\u00f3dico como para resultar empalagoso, Mertens ha creado, posiblemente, su mejor obra: piezas breves e intensas, de instrumentaci\u00f3n escasa en cada pieza pero, en conjunto, tremendamente variada \u2013m\u00e1s de treinta m\u00fasicos le acompa\u00f1an, desde un clavicordio a todo tipo de instrumentos de cuerda y viento\u2013 dosificando tambi\u00e9n su voz \u2013de una tonalidad aguda tremendamente peculiar\u2013. Un \u00e1lbum con tantos recovecos y matices que s\u00f3lo se puede calificar como magistral.<\/p>\n","protected":false},"excerpt":{"rendered":"<p>\u00abSERIES OF ANDS. Immediate givens\u00bb, de Wim Mertens. El belga Wim Mertens surgi\u00f3 en los a\u00f1os ochenta como la voz m\u00e1s popular de la Europa&hellip;<\/p>\n","protected":false},"author":1,"featured_media":9847,"comment_status":"closed","ping_status":"open","sticky":false,"template":"","format":"standard","meta":{"footnotes":""},"categories":[14,13],"tags":[],"class_list":["post-9846","post","type-post","status-publish","format-standard","has-post-thumbnail","hentry","category-disc_histo","category-nove_disco"],"_links":{"self":[{"href":"https:\/\/minimalismore.es\/index.php\/wp-json\/wp\/v2\/posts\/9846","targetHints":{"allow":["GET"]}}],"collection":[{"href":"https:\/\/minimalismore.es\/index.php\/wp-json\/wp\/v2\/posts"}],"about":[{"href":"https:\/\/minimalismore.es\/index.php\/wp-json\/wp\/v2\/types\/post"}],"author":[{"embeddable":true,"href":"https:\/\/minimalismore.es\/index.php\/wp-json\/wp\/v2\/users\/1"}],"replies":[{"embeddable":true,"href":"https:\/\/minimalismore.es\/index.php\/wp-json\/wp\/v2\/comments?post=9846"}],"version-history":[{"count":17,"href":"https:\/\/minimalismore.es\/index.php\/wp-json\/wp\/v2\/posts\/9846\/revisions"}],"predecessor-version":[{"id":16831,"href":"https:\/\/minimalismore.es\/index.php\/wp-json\/wp\/v2\/posts\/9846\/revisions\/16831"}],"wp:featuredmedia":[{"embeddable":true,"href":"https:\/\/minimalismore.es\/index.php\/wp-json\/wp\/v2\/media\/9847"}],"wp:attachment":[{"href":"https:\/\/minimalismore.es\/index.php\/wp-json\/wp\/v2\/media?parent=9846"}],"wp:term":[{"taxonomy":"category","embeddable":true,"href":"https:\/\/minimalismore.es\/index.php\/wp-json\/wp\/v2\/categories?post=9846"},{"taxonomy":"post_tag","embeddable":true,"href":"https:\/\/minimalismore.es\/index.php\/wp-json\/wp\/v2\/tags?post=9846"}],"curies":[{"name":"wp","href":"https:\/\/api.w.org\/{rel}","templated":true}]}}